{"id":130684,"date":"2019-09-02T08:47:18","date_gmt":"2019-09-02T06:47:18","guid":{"rendered":"https:\/\/www.cyn91.fr\/?p=130684"},"modified":"2019-09-02T08:51:56","modified_gmt":"2019-09-02T06:51:56","slug":"cest-la-rentree","status":"publish","type":"post","link":"https:\/\/www.cyn91.fr\/index.php\/2019\/09\/02\/cest-la-rentree\/","title":{"rendered":"C&#8217;est la rentr\u00e9e!"},"content":{"rendered":"\n<p>Vous pourrez nous retrouver comme chaque ann\u00e9e au forum des associations de la ville de Yerres qui se tient <strong>samedi 7 septembre \u00e0 partir de 10 heures au CEC<\/strong>.<\/p>\n\n\n\n<p>Notre emplacement est le <a href=\"https:\/\/www.cyn91.fr\/wp-content\/uploads\/2019\/09\/bd_depliant_forum_assos-2019.pdf\">num\u00e9ro <\/a><strong><a href=\"https:\/\/www.cyn91.fr\/wp-content\/uploads\/2019\/09\/bd_depliant_forum_assos-2019.pdf\">18 <\/a><\/strong>\u00e0 l&#8217;ext\u00e9rieur du CEC (derri\u00e8re).<\/p>\n\n\n\n<p>Vous pourrez vous inscrire (il reste des places!). Dans certains cas, l&#8217;inscription des enfants sera soumis \u00e0 un test de natation supervis\u00e9 par nos entra\u00eeneurs pour \u00e9valuer son niveau et l&#8217;orienter vers le groupe qui lui convient le mieux.<\/p>\n\n\n\n<p>En plus du forum, nous tiendrons 2 permanences d&#8217;inscription dans notre bureau (directement \u00e0 la piscine de Yerres) aux dates et horaires suivants:<\/p>\n\n\n\n<ul><li>mercredi <strong>11 <\/strong>septembre de <strong>17h30 \u00e0 20h<\/strong>.<\/li><li>samedi <strong>14 <\/strong>septembre de <strong>10h \u00e0 13h<\/strong>.<\/li><\/ul>\n\n\n\n<p>Retrouvez tous les d\u00e9tails sur les modalit\u00e9s et nos tarifs sur notre page <a href=\"https:\/\/www.cyn91.fr\/index.php\/inscriptions\/\">inscription<\/a><\/p>\n","protected":false},"excerpt":{"rendered":"<p>Vous pourrez nous retrouver comme chaque ann\u00e9e au forum des associations de la ville de Yerres qui se tient samedi 7 septembre \u00e0 partir de 10 heures au CEC. Notre emplacement est le num\u00e9ro 18 \u00e0 l&#8217;ext\u00e9rieur du CEC (derri\u00e8re). &hellip;<\/p>\n","protected":false},"author":1,"featured_media":0,"comment_status":"closed","ping_status":"open","sticky":false,"template":"","format":"standard","meta":{"advgb_blocks_editor_width":"","advgb_blocks_columns_visual_guide":""},"categories":[21,29],"tags":[],"author_meta":{"display_name":"Michael","author_link":"https:\/\/www.cyn91.fr\/index.php\/author\/mikchek91\/"},"featured_img":null,"yoast_head":"<!-- This site is optimized with the Yoast SEO plugin v16.5 - https:\/\/yoast.com\/wordpress\/plugins\/seo\/ -->\n<title>C&#039;est la rentr\u00e9e! - Club Yerrois de Natation<\/title>\n<meta name=\"robots\" content=\"index, follow, max-snippet:-1, max-image-preview:large, max-video-preview:-1\" \/>\n<link rel=\"canonical\" href=\"https:\/\/www.cyn91.fr\/index.php\/2019\/09\/02\/cest-la-rentree\/\" \/>\n<meta property=\"og:locale\" content=\"fr_FR\" \/>\n<meta property=\"og:type\" content=\"article\" \/>\n<meta property=\"og:title\" content=\"C&#039;est la rentr\u00e9e! - Club Yerrois de Natation\" \/>\n<meta property=\"og:description\" content=\"Vous pourrez nous retrouver comme chaque ann\u00e9e au forum des associations de la ville de Yerres qui se tient samedi 7 septembre \u00e0 partir de 10 heures au CEC. Notre emplacement est le num\u00e9ro 18 \u00e0 l&#8217;ext\u00e9rieur du CEC (derri\u00e8re). &hellip;\" \/>\n<meta property=\"og:url\" content=\"https:\/\/www.cyn91.fr\/index.php\/2019\/09\/02\/cest-la-rentree\/\" \/>\n<meta property=\"og:site_name\" content=\"Club Yerrois de Natation\" \/>\n<meta property=\"article:publisher\" content=\"https:\/\/www.facebook.com\/ClubYerroisNatation\" \/>\n<meta property=\"article:published_time\" content=\"2019-09-02T06:47:18+00:00\" \/>\n<meta property=\"article:modified_time\" content=\"2019-09-02T06:51:56+00:00\" \/>\n<meta name=\"twitter:card\" content=\"summary_large_image\" \/>\n<meta name=\"twitter:label1\" content=\"Dur\u00e9e de lecture est.\" \/>\n\t<meta name=\"twitter:data1\" content=\"1 minute\" \/>\n<script type=\"application\/ld+json\" class=\"yoast-schema-graph\">{\"@context\":\"https:\/\/schema.org\",\"@graph\":[{\"@type\":\"Organization\",\"@id\":\"https:\/\/www.cyn91.fr\/#organization\",\"name\":\"Club Yerrois de Natation\",\"url\":\"https:\/\/www.cyn91.fr\/\",\"sameAs\":[\"https:\/\/www.facebook.com\/ClubYerroisNatation\"],\"logo\":{\"@type\":\"ImageObject\",\"@id\":\"https:\/\/www.cyn91.fr\/#logo\",\"inLanguage\":\"fr-FR\",\"url\":\"https:\/\/www.cyn91.fr\/wp-content\/uploads\/Logos\/Logo-cyn_sans-texte_150x75.png\",\"contentUrl\":\"https:\/\/www.cyn91.fr\/wp-content\/uploads\/Logos\/Logo-cyn_sans-texte_150x75.png\",\"width\":150,\"height\":75,\"caption\":\"Club Yerrois de Natation\"},\"image\":{\"@id\":\"https:\/\/www.cyn91.fr\/#logo\"}},{\"@type\":\"WebSite\",\"@id\":\"https:\/\/www.cyn91.fr\/#website\",\"url\":\"https:\/\/www.cyn91.fr\/\",\"name\":\"Club Yerrois de Natation\",\"description\":\"Club Yerrois de Natation\",\"publisher\":{\"@id\":\"https:\/\/www.cyn91.fr\/#organization\"},\"potentialAction\":[{\"@type\":\"SearchAction\",\"target\":\"https:\/\/www.cyn91.fr\/?s={search_term_string}\",\"query-input\":\"required name=search_term_string\"}],\"inLanguage\":\"fr-FR\"},{\"@type\":\"WebPage\",\"@id\":\"https:\/\/www.cyn91.fr\/index.php\/2019\/09\/02\/cest-la-rentree\/#webpage\",\"url\":\"https:\/\/www.cyn91.fr\/index.php\/2019\/09\/02\/cest-la-rentree\/\",\"name\":\"C'est la rentr\\u00e9e! - Club Yerrois de Natation\",\"isPartOf\":{\"@id\":\"https:\/\/www.cyn91.fr\/#website\"},\"datePublished\":\"2019-09-02T06:47:18+00:00\",\"dateModified\":\"2019-09-02T06:51:56+00:00\",\"breadcrumb\":{\"@id\":\"https:\/\/www.cyn91.fr\/index.php\/2019\/09\/02\/cest-la-rentree\/#breadcrumb\"},\"inLanguage\":\"fr-FR\",\"potentialAction\":[{\"@type\":\"ReadAction\",\"target\":[\"https:\/\/www.cyn91.fr\/index.php\/2019\/09\/02\/cest-la-rentree\/\"]}]},{\"@type\":\"BreadcrumbList\",\"@id\":\"https:\/\/www.cyn91.fr\/index.php\/2019\/09\/02\/cest-la-rentree\/#breadcrumb\",\"itemListElement\":[{\"@type\":\"ListItem\",\"position\":1,\"name\":\"Accueil\",\"item\":\"https:\/\/www.cyn91.fr\/\"},{\"@type\":\"ListItem\",\"position\":2,\"name\":\"C&#8217;est la rentr\\u00e9e!\"}]},{\"@type\":\"Article\",\"@id\":\"https:\/\/www.cyn91.fr\/index.php\/2019\/09\/02\/cest-la-rentree\/#article\",\"isPartOf\":{\"@id\":\"https:\/\/www.cyn91.fr\/index.php\/2019\/09\/02\/cest-la-rentree\/#webpage\"},\"author\":{\"@id\":\"https:\/\/www.cyn91.fr\/#\/schema\/person\/c4bef6df1ddafa9cfd10fc1d9b0f7826\"},\"headline\":\"C&#8217;est la rentr\\u00e9e!\",\"datePublished\":\"2019-09-02T06:47:18+00:00\",\"dateModified\":\"2019-09-02T06:51:56+00:00\",\"mainEntityOfPage\":{\"@id\":\"https:\/\/www.cyn91.fr\/index.php\/2019\/09\/02\/cest-la-rentree\/#webpage\"},\"wordCount\":129,\"publisher\":{\"@id\":\"https:\/\/www.cyn91.fr\/#organization\"},\"articleSection\":[\"Ev\\u00e9nement\",\"Inscriptions\"],\"inLanguage\":\"fr-FR\"},{\"@type\":\"Person\",\"@id\":\"https:\/\/www.cyn91.fr\/#\/schema\/person\/c4bef6df1ddafa9cfd10fc1d9b0f7826\",\"name\":\"Michael\",\"image\":{\"@type\":\"ImageObject\",\"@id\":\"https:\/\/www.cyn91.fr\/#personlogo\",\"inLanguage\":\"fr-FR\",\"url\":\"https:\/\/secure.gravatar.com\/avatar\/11a79518b2b2902399994a1ace10df32?s=96&d=mm&r=g\",\"contentUrl\":\"https:\/\/secure.gravatar.com\/avatar\/11a79518b2b2902399994a1ace10df32?s=96&d=mm&r=g\",\"caption\":\"Michael\"},\"url\":\"https:\/\/www.cyn91.fr\/index.php\/author\/mikchek91\/\"}]}<\/script>\n<!-- \/ Yoast SEO plugin. -->","coauthors":[],"tax_additional":{"categories":{"linked":["<a href=\"https:\/\/www.cyn91.fr\/index.php\/category\/evenement\/\" class=\"advgb-post-tax-term\">Ev\u00e9nement<\/a>","<a href=\"https:\/\/www.cyn91.fr\/index.php\/category\/inscriptions\/\" class=\"advgb-post-tax-term\">Inscriptions<\/a>"],"unlinked":["<span class=\"advgb-post-tax-term\">Ev\u00e9nement<\/span>","<span class=\"advgb-post-tax-term\">Inscriptions<\/span>"]}},"comment_count":"0","relative_dates":{"created":"Publi\u00e9 7 ans il y a","modified":"Mis \u00e0 jour 7 ans il y a"},"absolute_dates":{"created":"Publi\u00e9 le 2 septembre 2019","modified":"Mise \u00e0 jour le 2 septembre 2019"},"absolute_dates_time":{"created":"Publi\u00e9 le 2 septembre 2019 8 h 47 min","modified":"Mise \u00e0 jour le 2 septembre 2019 8 h 51 min"},"featured_img_caption":"","series_order":"","post_mailing_queue_ids":[],"_links":{"self":[{"href":"https:\/\/www.cyn91.fr\/index.php\/wp-json\/wp\/v2\/posts\/130684"}],"collection":[{"href":"https:\/\/www.cyn91.fr\/index.php\/wp-json\/wp\/v2\/posts"}],"about":[{"href":"https:\/\/www.cyn91.fr\/index.php\/wp-json\/wp\/v2\/types\/post"}],"author":[{"embeddable":true,"href":"https:\/\/www.cyn91.fr\/index.php\/wp-json\/wp\/v2\/users\/1"}],"replies":[{"embeddable":true,"href":"https:\/\/www.cyn91.fr\/index.php\/wp-json\/wp\/v2\/comments?post=130684"}],"version-history":[{"count":4,"href":"https:\/\/www.cyn91.fr\/index.php\/wp-json\/wp\/v2\/posts\/130684\/revisions"}],"predecessor-version":[{"id":130743,"href":"https:\/\/www.cyn91.fr\/index.php\/wp-json\/wp\/v2\/posts\/130684\/revisions\/130743"}],"wp:attachment":[{"href":"https:\/\/www.cyn91.fr\/index.php\/wp-json\/wp\/v2\/media?parent=130684"}],"wp:term":[{"taxonomy":"category","embeddable":true,"href":"https:\/\/www.cyn91.fr\/index.php\/wp-json\/wp\/v2\/categories?post=130684"},{"taxonomy":"post_tag","embeddable":true,"href":"https:\/\/www.cyn91.fr\/index.php\/wp-json\/wp\/v2\/tags?post=130684"}],"curies":[{"name":"wp","href":"https:\/\/api.w.org\/{rel}","templated":true}]}}