{"id":3302,"date":"2019-01-19T19:16:36","date_gmt":"2019-01-19T18:16:36","guid":{"rendered":"https:\/\/www.cyn91.fr\/?p=3302"},"modified":"2019-05-19T00:14:37","modified_gmt":"2019-05-18T22:14:37","slug":"natathlon-avenirs-2eme-etape","status":"publish","type":"post","link":"https:\/\/www.cyn91.fr\/index.php\/2019\/01\/19\/natathlon-avenirs-2eme-etape\/","title":{"rendered":"Natathlon Avenirs (2\u00e8me \u00e9tape)"},"content":{"rendered":"\n<figure class=\"wp-block-image\"><img src=\"https:\/\/www.cyn91.fr\/wp-content\/uploads\/Articles\/20190120_Natathlon2_Montgeron_Avenirs.jpg\" alt=\"\" class=\"wp-image-3257\"\/><\/figure>\n\n\n\n<p>Nos avenirs sont \u00e0 Montgeron ce weekend du 19 et 20 janvier 2019 pour la 2\u00e8me \u00e9tape du Natathlon ! <\/p>\n\n\n\n<p>Allez <a href=\"https:\/\/www.facebook.com\/Yerres\/?fref=mentions&amp;__xts__%5B0%5D=68.ARBeiNRwW-QPFUnYVJwsMoffBXrGrP0PXDZCNS4Sd44tkoAMCYS86jq4ugU5ibgUVZ5_pguGKGUQAwBPVI1C5j1DS3hqbVtpFKdyCXQALAB-LUk3jjDH3UEeVMQiIPuRyy3YizdOkm-7SoS2jAD3DGpUTT8_uEP7wRENx4jNW8lHDM6Ufe4068h6LiCDWpWhjoOSqeH8hKpaY8EVChiJyP9Lp_7Qip83g072Ytjk-oRM9Oiecs4s8ebZAoM7_hNGeFQJA6dhTlh7xk_bWZDILlc8c0qfIwi7iMY3DBn5DBEplpPWABwHQiD-jkFoSuwPN03WZmRjKqZBBDk_k2897X8Jjw4T&amp;__tn__=K-R\">Yerres<\/a> ! Suivez la comp\u00e9tition ou retrouvez les r\u00e9sultats sur <a href=\"https:\/\/www.liveffn.com\/cgi-bin\/resultats.php?competition=58433&amp;langue=fra\" target=\"_blank\" rel=\"noreferrer noopener\" aria-label=\"LiveFFN (opens in a new tab)\">LiveFFN<\/a><\/p>\n","protected":false},"excerpt":{"rendered":"<p>Nos avenirs sont \u00e0 Montgeron ce weekend du 19 et 20 janvier 2019 pour la 2\u00e8me \u00e9tape du Natathlon ! Allez Yerres ! Suivez la comp\u00e9tition ou retrouvez les r\u00e9sultats sur LiveFFN<\/p>\n","protected":false},"author":1,"featured_media":0,"comment_status":"closed","ping_status":"open","sticky":false,"template":"","format":"standard","meta":{"advgb_blocks_editor_width":"","advgb_blocks_columns_visual_guide":""},"categories":[39,20,21,30],"tags":[],"author_meta":{"display_name":"Michael","author_link":"https:\/\/www.cyn91.fr\/index.php\/author\/mikchek91\/"},"featured_img":null,"yoast_head":"<!-- This site is optimized with the Yoast SEO plugin v16.5 - https:\/\/yoast.com\/wordpress\/plugins\/seo\/ -->\n<title>Natathlon Avenirs (2\u00e8me \u00e9tape) - Club Yerrois de Natation<\/title>\n<meta name=\"robots\" content=\"index, follow, max-snippet:-1, max-image-preview:large, max-video-preview:-1\" \/>\n<link rel=\"canonical\" href=\"https:\/\/www.cyn91.fr\/index.php\/2019\/01\/19\/natathlon-avenirs-2eme-etape\/\" \/>\n<meta property=\"og:locale\" content=\"fr_FR\" \/>\n<meta property=\"og:type\" content=\"article\" \/>\n<meta property=\"og:title\" content=\"Natathlon Avenirs (2\u00e8me \u00e9tape) - Club Yerrois de Natation\" \/>\n<meta property=\"og:description\" content=\"Nos avenirs sont \u00e0 Montgeron ce weekend du 19 et 20 janvier 2019 pour la 2\u00e8me \u00e9tape du Natathlon ! Allez Yerres ! Suivez la comp\u00e9tition ou retrouvez les r\u00e9sultats sur LiveFFN\" \/>\n<meta property=\"og:url\" content=\"https:\/\/www.cyn91.fr\/index.php\/2019\/01\/19\/natathlon-avenirs-2eme-etape\/\" \/>\n<meta property=\"og:site_name\" content=\"Club Yerrois de Natation\" \/>\n<meta property=\"article:publisher\" content=\"https:\/\/www.facebook.com\/ClubYerroisNatation\" \/>\n<meta property=\"article:published_time\" content=\"2019-01-19T18:16:36+00:00\" \/>\n<meta property=\"article:modified_time\" content=\"2019-05-18T22:14:37+00:00\" \/>\n<meta property=\"og:image\" content=\"https:\/\/www.cyn91.fr\/wp-content\/uploads\/Articles\/20190120_Natathlon2_Montgeron_Avenirs.jpg\" \/>\n<meta name=\"twitter:card\" content=\"summary_large_image\" \/>\n<script type=\"application\/ld+json\" class=\"yoast-schema-graph\">{\"@context\":\"https:\/\/schema.org\",\"@graph\":[{\"@type\":\"Organization\",\"@id\":\"https:\/\/www.cyn91.fr\/#organization\",\"name\":\"Club Yerrois de Natation\",\"url\":\"https:\/\/www.cyn91.fr\/\",\"sameAs\":[\"https:\/\/www.facebook.com\/ClubYerroisNatation\"],\"logo\":{\"@type\":\"ImageObject\",\"@id\":\"https:\/\/www.cyn91.fr\/#logo\",\"inLanguage\":\"fr-FR\",\"url\":\"https:\/\/www.cyn91.fr\/wp-content\/uploads\/Logos\/Logo-cyn_sans-texte_150x75.png\",\"contentUrl\":\"https:\/\/www.cyn91.fr\/wp-content\/uploads\/Logos\/Logo-cyn_sans-texte_150x75.png\",\"width\":150,\"height\":75,\"caption\":\"Club Yerrois de Natation\"},\"image\":{\"@id\":\"https:\/\/www.cyn91.fr\/#logo\"}},{\"@type\":\"WebSite\",\"@id\":\"https:\/\/www.cyn91.fr\/#website\",\"url\":\"https:\/\/www.cyn91.fr\/\",\"name\":\"Club Yerrois de Natation\",\"description\":\"Club Yerrois de Natation\",\"publisher\":{\"@id\":\"https:\/\/www.cyn91.fr\/#organization\"},\"potentialAction\":[{\"@type\":\"SearchAction\",\"target\":\"https:\/\/www.cyn91.fr\/?s={search_term_string}\",\"query-input\":\"required name=search_term_string\"}],\"inLanguage\":\"fr-FR\"},{\"@type\":\"ImageObject\",\"@id\":\"https:\/\/www.cyn91.fr\/index.php\/2019\/01\/19\/natathlon-avenirs-2eme-etape\/#primaryimage\",\"inLanguage\":\"fr-FR\",\"url\":\"https:\/\/www.cyn91.fr\/wp-content\/uploads\/Articles\/20190120_Natathlon2_Montgeron_Avenirs.jpg\",\"contentUrl\":\"https:\/\/www.cyn91.fr\/wp-content\/uploads\/Articles\/20190120_Natathlon2_Montgeron_Avenirs.jpg\",\"width\":720,\"height\":687},{\"@type\":\"WebPage\",\"@id\":\"https:\/\/www.cyn91.fr\/index.php\/2019\/01\/19\/natathlon-avenirs-2eme-etape\/#webpage\",\"url\":\"https:\/\/www.cyn91.fr\/index.php\/2019\/01\/19\/natathlon-avenirs-2eme-etape\/\",\"name\":\"Natathlon Avenirs (2\\u00e8me \\u00e9tape) - Club Yerrois de Natation\",\"isPartOf\":{\"@id\":\"https:\/\/www.cyn91.fr\/#website\"},\"primaryImageOfPage\":{\"@id\":\"https:\/\/www.cyn91.fr\/index.php\/2019\/01\/19\/natathlon-avenirs-2eme-etape\/#primaryimage\"},\"datePublished\":\"2019-01-19T18:16:36+00:00\",\"dateModified\":\"2019-05-18T22:14:37+00:00\",\"breadcrumb\":{\"@id\":\"https:\/\/www.cyn91.fr\/index.php\/2019\/01\/19\/natathlon-avenirs-2eme-etape\/#breadcrumb\"},\"inLanguage\":\"fr-FR\",\"potentialAction\":[{\"@type\":\"ReadAction\",\"target\":[\"https:\/\/www.cyn91.fr\/index.php\/2019\/01\/19\/natathlon-avenirs-2eme-etape\/\"]}]},{\"@type\":\"BreadcrumbList\",\"@id\":\"https:\/\/www.cyn91.fr\/index.php\/2019\/01\/19\/natathlon-avenirs-2eme-etape\/#breadcrumb\",\"itemListElement\":[{\"@type\":\"ListItem\",\"position\":1,\"name\":\"Accueil\",\"item\":\"https:\/\/www.cyn91.fr\/\"},{\"@type\":\"ListItem\",\"position\":2,\"name\":\"Natathlon Avenirs (2\\u00e8me \\u00e9tape)\"}]},{\"@type\":\"Article\",\"@id\":\"https:\/\/www.cyn91.fr\/index.php\/2019\/01\/19\/natathlon-avenirs-2eme-etape\/#article\",\"isPartOf\":{\"@id\":\"https:\/\/www.cyn91.fr\/index.php\/2019\/01\/19\/natathlon-avenirs-2eme-etape\/#webpage\"},\"author\":{\"@id\":\"https:\/\/www.cyn91.fr\/#\/schema\/person\/c4bef6df1ddafa9cfd10fc1d9b0f7826\"},\"headline\":\"Natathlon Avenirs (2\\u00e8me \\u00e9tape)\",\"datePublished\":\"2019-01-19T18:16:36+00:00\",\"dateModified\":\"2019-05-18T22:14:37+00:00\",\"mainEntityOfPage\":{\"@id\":\"https:\/\/www.cyn91.fr\/index.php\/2019\/01\/19\/natathlon-avenirs-2eme-etape\/#webpage\"},\"wordCount\":32,\"publisher\":{\"@id\":\"https:\/\/www.cyn91.fr\/#organization\"},\"image\":{\"@id\":\"https:\/\/www.cyn91.fr\/index.php\/2019\/01\/19\/natathlon-avenirs-2eme-etape\/#primaryimage\"},\"thumbnailUrl\":\"https:\/\/www.cyn91.fr\/wp-content\/uploads\/Articles\/20190120_Natathlon2_Montgeron_Avenirs.jpg\",\"articleSection\":[\"Avenirs\",\"Comp\\u00e9tition\",\"Ev\\u00e9nement\",\"Saison sportive\"],\"inLanguage\":\"fr-FR\"},{\"@type\":\"Person\",\"@id\":\"https:\/\/www.cyn91.fr\/#\/schema\/person\/c4bef6df1ddafa9cfd10fc1d9b0f7826\",\"name\":\"Michael\",\"image\":{\"@type\":\"ImageObject\",\"@id\":\"https:\/\/www.cyn91.fr\/#personlogo\",\"inLanguage\":\"fr-FR\",\"url\":\"https:\/\/secure.gravatar.com\/avatar\/11a79518b2b2902399994a1ace10df32?s=96&d=mm&r=g\",\"contentUrl\":\"https:\/\/secure.gravatar.com\/avatar\/11a79518b2b2902399994a1ace10df32?s=96&d=mm&r=g\",\"caption\":\"Michael\"},\"url\":\"https:\/\/www.cyn91.fr\/index.php\/author\/mikchek91\/\"}]}<\/script>\n<!-- \/ Yoast SEO plugin. -->","coauthors":[],"tax_additional":{"categories":{"linked":["<a href=\"https:\/\/www.cyn91.fr\/index.php\/category\/avenirs\/\" class=\"advgb-post-tax-term\">Avenirs<\/a>","<a href=\"https:\/\/www.cyn91.fr\/index.php\/category\/competition\/\" class=\"advgb-post-tax-term\">Comp\u00e9tition<\/a>","<a href=\"https:\/\/www.cyn91.fr\/index.php\/category\/evenement\/\" class=\"advgb-post-tax-term\">Ev\u00e9nement<\/a>","<a href=\"https:\/\/www.cyn91.fr\/index.php\/category\/saison\/\" class=\"advgb-post-tax-term\">Saison sportive<\/a>"],"unlinked":["<span class=\"advgb-post-tax-term\">Avenirs<\/span>","<span class=\"advgb-post-tax-term\">Comp\u00e9tition<\/span>","<span class=\"advgb-post-tax-term\">Ev\u00e9nement<\/span>","<span class=\"advgb-post-tax-term\">Saison sportive<\/span>"]}},"comment_count":"0","relative_dates":{"created":"Publi\u00e9 7 ans il y a","modified":"Mis \u00e0 jour 7 ans il y a"},"absolute_dates":{"created":"Publi\u00e9 le 19 janvier 2019","modified":"Mise \u00e0 jour le 19 mai 2019"},"absolute_dates_time":{"created":"Publi\u00e9 le 19 janvier 2019 19 h 16 min","modified":"Mise \u00e0 jour le 19 mai 2019 0 h 14 min"},"featured_img_caption":"","series_order":"","post_mailing_queue_ids":[],"_links":{"self":[{"href":"https:\/\/www.cyn91.fr\/index.php\/wp-json\/wp\/v2\/posts\/3302"}],"collection":[{"href":"https:\/\/www.cyn91.fr\/index.php\/wp-json\/wp\/v2\/posts"}],"about":[{"href":"https:\/\/www.cyn91.fr\/index.php\/wp-json\/wp\/v2\/types\/post"}],"author":[{"embeddable":true,"href":"https:\/\/www.cyn91.fr\/index.php\/wp-json\/wp\/v2\/users\/1"}],"replies":[{"embeddable":true,"href":"https:\/\/www.cyn91.fr\/index.php\/wp-json\/wp\/v2\/comments?post=3302"}],"version-history":[{"count":1,"href":"https:\/\/www.cyn91.fr\/index.php\/wp-json\/wp\/v2\/posts\/3302\/revisions"}],"predecessor-version":[{"id":12961,"href":"https:\/\/www.cyn91.fr\/index.php\/wp-json\/wp\/v2\/posts\/3302\/revisions\/12961"}],"wp:attachment":[{"href":"https:\/\/www.cyn91.fr\/index.php\/wp-json\/wp\/v2\/media?parent=3302"}],"wp:term":[{"taxonomy":"category","embeddable":true,"href":"https:\/\/www.cyn91.fr\/index.php\/wp-json\/wp\/v2\/categories?post=3302"},{"taxonomy":"post_tag","embeddable":true,"href":"https:\/\/www.cyn91.fr\/index.php\/wp-json\/wp\/v2\/tags?post=3302"}],"curies":[{"name":"wp","href":"https:\/\/api.w.org\/{rel}","templated":true}]}}