{"id":478732,"date":"2020-05-29T20:07:31","date_gmt":"2020-05-29T18:07:31","guid":{"rendered":"https:\/\/www.cyn91.fr\/?p=478732"},"modified":"2020-09-15T14:35:55","modified_gmt":"2020-09-15T12:35:55","slug":"point-sur-les-equipements-sportifs-communique-de-la-ville-de-yerres","status":"publish","type":"post","link":"https:\/\/www.cyn91.fr\/index.php\/2020\/05\/29\/point-sur-les-equipements-sportifs-communique-de-la-ville-de-yerres\/","title":{"rendered":"Point sur les \u00e9quipements sportifs (communiqu\u00e9 de la ville de Yerres)"},"content":{"rendered":"\n<p class=\"has-text-color has-text-align-center has-central-palette-3-color\">Voici une copie de la lettre adress\u00e9e aux associations de la part de M. Christian Soler, directeur du service Sport, Loisirs, Jeunesse de la ville: <\/p>\n\n\n\n<blockquote class=\"wp-block-quote\"><p>Bonjour \u00e0 tous,<br><br>Apr\u00e8s cette p\u00e9riode de confinement d\u00fb \u00e0 la pand\u00e9mie de COVID 19 qui est devenue une \u00e9preuve douloureuse pour certaines familles, l&#8217;heure d&#8217;un retour progressif \u00e0 une vie normale a sonn\u00e9.<\/p><p>J&#8217;ai eu de vos nouvelles \u00e0 tous pendant ces deux mois et je sais que certains ont \u00e9t\u00e9 touch\u00e9s par ce virus et sont aujourd&#8217;hui gu\u00e9ris. Le bilan sur la ville est lourd malgr\u00e9 tout et de nombreux Yerrois n&#8217;ont pas \u00e9t\u00e9 \u00e9pargn\u00e9s et nous ont quitt\u00e9s. Il est important maintenant de penser \u00e0 l&#8217;avenir avec toutes les pr\u00e9cautions utiles pour \u00e9viter de revivre des moments p\u00e9nibles et contraignants.<\/p><p>J&#8217;ai demand\u00e9 au service des Sports de proc\u00e9der \u00e0 la fermeture des \u00e9quipements sportifs sur la Ville d\u00e8s le d\u00e9but de l&#8217;\u00e9pid\u00e9mie et, \u00e0 ce jour, ils restent inaccessibles. L\u2019arr\u00eat\u00e9 de fermeture en vigueur ne sera lev\u00e9 qu\u2019en fonction des directives du minist\u00e8re des sports pour permettre une reprise d&#8217;activit\u00e9s pour le tissu associatif en toute s\u00e9curit\u00e9.<\/p><p>Les directives du gouvernement en date du 28 mai 2020 sont claires et l\u2019IDF est toujours en zone sensible malgr\u00e9 la baisse de la propagation du virus. L&#8217;interdiction de pratiques sportives indoor, collectives ou de contact reste d\u2019actualit\u00e9. Je vous confirme par ce courriel que vous ne pouvez pas proposer \u00e0 vos adh\u00e9rents de revenir sur les \u00e9quipements sportifs de la ville, quels qu&#8217;ils soient, jusqu&#8217;\u00e0 la reprise de la saison 2020\/2021 soit mi-aout 2020 pour certains sports. Les \u00e9coles, le coll\u00e8ge et le lyc\u00e9e n&#8217;ont pas acc\u00e8s sur ou dans les sites sportifs.<\/p><p>Le prochain point programm\u00e9 par l&#8217;\u00e9tat le 22 juin 2020 nous impose patience et prudence. A ce jour, seules les activit\u00e9s individuelles de plein air peuvent reprendre \u00e0 partir du mardi 2 juin en lien avec les pr\u00e9conisations des f\u00e9d\u00e9rations, par groupe de 10 participants maximum sous la responsabilit\u00e9 des pr\u00e9sidents et des entraineurs ou animateurs sp\u00e9cialis\u00e9s, et sur autorisation de la municipalit\u00e9. Sur la ville, le Tennis club Yerrois, le club de Boules Lyonnaises, le Yerres Athl\u00e9tic Club, la Renard\u2019Yerres, le Club de Randonn\u00e9es Yerrois, le Yerres Cycliste Club, le Club de Triathlon Yerrois sont autoris\u00e9s \u00e0 reprendre une activit\u00e9 sous r\u00e9serve de garantir la mise en place des mesures barri\u00e8res obligatoires.<\/p><p><strong>Pour ce qui concerne la piscine de Yerres g\u00e9r\u00e9e par la CAVYVS, le gouvernement propose une r\u00e9ouverture \u00e0 partir du 22 juin 2020. A la demande du pr\u00e9sident de l\u2019agglo et de la direction g\u00e9n\u00e9rale, je travaille sur la rouverture des piscines pour le 22 juin au matin en lien avec l\u2019UCPA et les directeurs de sites. Elles vont \u00eatre vid\u00e9es et d\u00e9sinfect\u00e9es \u00e0 partir du 2 juin et devraient \u00eatre op\u00e9rationnelles pour le mois de juillet. L\u2019accueil se fera sous couvert des mesures barri\u00e8res \u00e0 respecter et d\u2019une fr\u00e9quentation maximale contr\u00f4l\u00e9e.<\/strong><\/p><p>Les choses \u00e9voluent positivement pour le bien-\u00eatre de tous et notre plus grande satisfaction, signe que la maladie recule mais il faut qu\u2019elle disparaisse. Notre objectif est de poursuivre le combat contre la propagation du virus, de limiter au maximum les risques et surtout de garantir votre s\u00e9curit\u00e9.<\/p><p>Pour ce faire, nous avons besoin de l&#8217;aide et compr\u00e9hension de tous. Je sais pouvoir compter sur vous et votre encadrement pour faire passer le meilleur message sur ce sujet et j&#8217;esp\u00e8re revenir vers vous d\u00e8s la fin du mois de juin avec de bonnes nouvelles pour un avenir plus souriant et une nouvelle saison sportive 2020\/2021 rayonnante et porteuse d&#8217;espoir pour nous tous.<\/p><p>Merci pour votre s\u00e9rieux, pour avoir respect\u00e9 les r\u00e8gles en vigueur et votre participation active a combattre ce fl\u00e9au qui nous prive de nos loisirs ponctuellement, mais que nous aurons vaincu ensemble.<\/p><p>Monsieur Carbonnet et Monsieur le Maire vous remercient pour votre loyaut\u00e9 et respect des r\u00e8gles communales en vigueur et vous demande de rester prudent et patient.<\/p><p><em>Christian SOLER<\/em><\/p><p><em>Directeur du service Sports, Loisirs, Jeunesse<\/em><\/p><p><em>Ville d\u2019Yerres<\/em><\/p><\/blockquote>\n","protected":false},"excerpt":{"rendered":"<p>Voici une copie de la lettre adress\u00e9e aux associations de la part de M. Christian Soler, directeur du service Sport, Loisirs, Jeunesse de la ville: Bonjour \u00e0 tous, Apr\u00e8s cette p\u00e9riode de confinement d\u00fb \u00e0 la pand\u00e9mie de COVID 19 &hellip;<\/p>\n","protected":false},"author":1,"featured_media":0,"comment_status":"closed","ping_status":"open","sticky":false,"template":"","format":"standard","meta":{"advgb_blocks_editor_width":"","advgb_blocks_columns_visual_guide":""},"categories":[92],"tags":[],"author_meta":{"display_name":"Michael","author_link":"https:\/\/www.cyn91.fr\/index.php\/author\/mikchek91\/"},"featured_img":null,"yoast_head":"<!-- This site is optimized with the Yoast SEO plugin v16.5 - https:\/\/yoast.com\/wordpress\/plugins\/seo\/ -->\n<title>Point sur les \u00e9quipements sportifs (communiqu\u00e9 de la ville de Yerres) - Club Yerrois de Natation<\/title>\n<meta name=\"robots\" content=\"index, follow, max-snippet:-1, max-image-preview:large, max-video-preview:-1\" \/>\n<link rel=\"canonical\" href=\"https:\/\/www.cyn91.fr\/index.php\/2020\/05\/29\/point-sur-les-equipements-sportifs-communique-de-la-ville-de-yerres\/\" \/>\n<meta property=\"og:locale\" content=\"fr_FR\" \/>\n<meta property=\"og:type\" content=\"article\" \/>\n<meta property=\"og:title\" content=\"Point sur les \u00e9quipements sportifs (communiqu\u00e9 de la ville de Yerres) - Club Yerrois de Natation\" \/>\n<meta property=\"og:description\" content=\"Voici une copie de la lettre adress\u00e9e aux associations de la part de M. Christian Soler, directeur du service Sport, Loisirs, Jeunesse de la ville: Bonjour \u00e0 tous, Apr\u00e8s cette p\u00e9riode de confinement d\u00fb \u00e0 la pand\u00e9mie de COVID 19 &hellip;\" \/>\n<meta property=\"og:url\" content=\"https:\/\/www.cyn91.fr\/index.php\/2020\/05\/29\/point-sur-les-equipements-sportifs-communique-de-la-ville-de-yerres\/\" \/>\n<meta property=\"og:site_name\" content=\"Club Yerrois de Natation\" \/>\n<meta property=\"article:publisher\" content=\"https:\/\/www.facebook.com\/ClubYerroisNatation\" \/>\n<meta property=\"article:published_time\" content=\"2020-05-29T18:07:31+00:00\" \/>\n<meta property=\"article:modified_time\" content=\"2020-09-15T12:35:55+00:00\" \/>\n<meta name=\"twitter:card\" content=\"summary_large_image\" \/>\n<meta name=\"twitter:label1\" content=\"Dur\u00e9e de lecture est.\" \/>\n\t<meta name=\"twitter:data1\" content=\"4 minutes\" \/>\n<script type=\"application\/ld+json\" class=\"yoast-schema-graph\">{\"@context\":\"https:\/\/schema.org\",\"@graph\":[{\"@type\":\"Organization\",\"@id\":\"https:\/\/www.cyn91.fr\/#organization\",\"name\":\"Club Yerrois de Natation\",\"url\":\"https:\/\/www.cyn91.fr\/\",\"sameAs\":[\"https:\/\/www.facebook.com\/ClubYerroisNatation\"],\"logo\":{\"@type\":\"ImageObject\",\"@id\":\"https:\/\/www.cyn91.fr\/#logo\",\"inLanguage\":\"fr-FR\",\"url\":\"https:\/\/www.cyn91.fr\/wp-content\/uploads\/Logos\/Logo-cyn_sans-texte_150x75.png\",\"contentUrl\":\"https:\/\/www.cyn91.fr\/wp-content\/uploads\/Logos\/Logo-cyn_sans-texte_150x75.png\",\"width\":150,\"height\":75,\"caption\":\"Club Yerrois de Natation\"},\"image\":{\"@id\":\"https:\/\/www.cyn91.fr\/#logo\"}},{\"@type\":\"WebSite\",\"@id\":\"https:\/\/www.cyn91.fr\/#website\",\"url\":\"https:\/\/www.cyn91.fr\/\",\"name\":\"Club Yerrois de Natation\",\"description\":\"Club Yerrois de Natation\",\"publisher\":{\"@id\":\"https:\/\/www.cyn91.fr\/#organization\"},\"potentialAction\":[{\"@type\":\"SearchAction\",\"target\":\"https:\/\/www.cyn91.fr\/?s={search_term_string}\",\"query-input\":\"required name=search_term_string\"}],\"inLanguage\":\"fr-FR\"},{\"@type\":\"WebPage\",\"@id\":\"https:\/\/www.cyn91.fr\/index.php\/2020\/05\/29\/point-sur-les-equipements-sportifs-communique-de-la-ville-de-yerres\/#webpage\",\"url\":\"https:\/\/www.cyn91.fr\/index.php\/2020\/05\/29\/point-sur-les-equipements-sportifs-communique-de-la-ville-de-yerres\/\",\"name\":\"Point sur les \\u00e9quipements sportifs (communiqu\\u00e9 de la ville de Yerres) - Club Yerrois de Natation\",\"isPartOf\":{\"@id\":\"https:\/\/www.cyn91.fr\/#website\"},\"datePublished\":\"2020-05-29T18:07:31+00:00\",\"dateModified\":\"2020-09-15T12:35:55+00:00\",\"breadcrumb\":{\"@id\":\"https:\/\/www.cyn91.fr\/index.php\/2020\/05\/29\/point-sur-les-equipements-sportifs-communique-de-la-ville-de-yerres\/#breadcrumb\"},\"inLanguage\":\"fr-FR\",\"potentialAction\":[{\"@type\":\"ReadAction\",\"target\":[\"https:\/\/www.cyn91.fr\/index.php\/2020\/05\/29\/point-sur-les-equipements-sportifs-communique-de-la-ville-de-yerres\/\"]}]},{\"@type\":\"BreadcrumbList\",\"@id\":\"https:\/\/www.cyn91.fr\/index.php\/2020\/05\/29\/point-sur-les-equipements-sportifs-communique-de-la-ville-de-yerres\/#breadcrumb\",\"itemListElement\":[{\"@type\":\"ListItem\",\"position\":1,\"name\":\"Accueil\",\"item\":\"https:\/\/www.cyn91.fr\/\"},{\"@type\":\"ListItem\",\"position\":2,\"name\":\"Point sur les \\u00e9quipements sportifs (communiqu\\u00e9 de la ville de Yerres)\"}]},{\"@type\":\"Article\",\"@id\":\"https:\/\/www.cyn91.fr\/index.php\/2020\/05\/29\/point-sur-les-equipements-sportifs-communique-de-la-ville-de-yerres\/#article\",\"isPartOf\":{\"@id\":\"https:\/\/www.cyn91.fr\/index.php\/2020\/05\/29\/point-sur-les-equipements-sportifs-communique-de-la-ville-de-yerres\/#webpage\"},\"author\":{\"@id\":\"https:\/\/www.cyn91.fr\/#\/schema\/person\/c4bef6df1ddafa9cfd10fc1d9b0f7826\"},\"headline\":\"Point sur les \\u00e9quipements sportifs (communiqu\\u00e9 de la ville de Yerres)\",\"datePublished\":\"2020-05-29T18:07:31+00:00\",\"dateModified\":\"2020-09-15T12:35:55+00:00\",\"mainEntityOfPage\":{\"@id\":\"https:\/\/www.cyn91.fr\/index.php\/2020\/05\/29\/point-sur-les-equipements-sportifs-communique-de-la-ville-de-yerres\/#webpage\"},\"wordCount\":716,\"publisher\":{\"@id\":\"https:\/\/www.cyn91.fr\/#organization\"},\"articleSection\":[\"G\\u00e9n\\u00e9ral\"],\"inLanguage\":\"fr-FR\"},{\"@type\":\"Person\",\"@id\":\"https:\/\/www.cyn91.fr\/#\/schema\/person\/c4bef6df1ddafa9cfd10fc1d9b0f7826\",\"name\":\"Michael\",\"image\":{\"@type\":\"ImageObject\",\"@id\":\"https:\/\/www.cyn91.fr\/#personlogo\",\"inLanguage\":\"fr-FR\",\"url\":\"https:\/\/secure.gravatar.com\/avatar\/11a79518b2b2902399994a1ace10df32?s=96&d=mm&r=g\",\"contentUrl\":\"https:\/\/secure.gravatar.com\/avatar\/11a79518b2b2902399994a1ace10df32?s=96&d=mm&r=g\",\"caption\":\"Michael\"},\"url\":\"https:\/\/www.cyn91.fr\/index.php\/author\/mikchek91\/\"}]}<\/script>\n<!-- \/ Yoast SEO plugin. -->","coauthors":[],"tax_additional":{"categories":{"linked":["<a href=\"https:\/\/www.cyn91.fr\/index.php\/category\/general\/\" class=\"advgb-post-tax-term\">G\u00e9n\u00e9ral<\/a>"],"unlinked":["<span class=\"advgb-post-tax-term\">G\u00e9n\u00e9ral<\/span>"]}},"comment_count":"0","relative_dates":{"created":"Publi\u00e9 6 ans il y a","modified":"Mis \u00e0 jour 6 ans il y a"},"absolute_dates":{"created":"Publi\u00e9 le 29 mai 2020","modified":"Mise \u00e0 jour le 15 septembre 2020"},"absolute_dates_time":{"created":"Publi\u00e9 le 29 mai 2020 20 h 07 min","modified":"Mise \u00e0 jour le 15 septembre 2020 14 h 35 min"},"featured_img_caption":"","series_order":"","post_mailing_queue_ids":[],"_links":{"self":[{"href":"https:\/\/www.cyn91.fr\/index.php\/wp-json\/wp\/v2\/posts\/478732"}],"collection":[{"href":"https:\/\/www.cyn91.fr\/index.php\/wp-json\/wp\/v2\/posts"}],"about":[{"href":"https:\/\/www.cyn91.fr\/index.php\/wp-json\/wp\/v2\/types\/post"}],"author":[{"embeddable":true,"href":"https:\/\/www.cyn91.fr\/index.php\/wp-json\/wp\/v2\/users\/1"}],"replies":[{"embeddable":true,"href":"https:\/\/www.cyn91.fr\/index.php\/wp-json\/wp\/v2\/comments?post=478732"}],"version-history":[{"count":1,"href":"https:\/\/www.cyn91.fr\/index.php\/wp-json\/wp\/v2\/posts\/478732\/revisions"}],"predecessor-version":[{"id":478743,"href":"https:\/\/www.cyn91.fr\/index.php\/wp-json\/wp\/v2\/posts\/478732\/revisions\/478743"}],"wp:attachment":[{"href":"https:\/\/www.cyn91.fr\/index.php\/wp-json\/wp\/v2\/media?parent=478732"}],"wp:term":[{"taxonomy":"category","embeddable":true,"href":"https:\/\/www.cyn91.fr\/index.php\/wp-json\/wp\/v2\/categories?post=478732"},{"taxonomy":"post_tag","embeddable":true,"href":"https:\/\/www.cyn91.fr\/index.php\/wp-json\/wp\/v2\/tags?post=478732"}],"curies":[{"name":"wp","href":"https:\/\/api.w.org\/{rel}","templated":true}]}}