{"id":503027,"date":"2020-06-20T16:06:30","date_gmt":"2020-06-20T14:06:30","guid":{"rendered":"https:\/\/www.cyn91.fr\/?p=503027"},"modified":"2020-09-15T14:35:29","modified_gmt":"2020-09-15T12:35:29","slug":"reouverture-des-piscines","status":"publish","type":"post","link":"https:\/\/www.cyn91.fr\/index.php\/2020\/06\/20\/reouverture-des-piscines\/","title":{"rendered":"R\u00e9ouverture des piscines"},"content":{"rendered":"\n<p>Comme vous l&#8217;avez entendu lors des derni\u00e8res annonces du pr\u00e9sident de la r\u00e9publique, l&#8217;\u00eele de France passe en zone verte. A partir du lundi 22 juin, les piscines vont donc rouvrir. <\/p>\n\n\n\n<p>Nous avions fait une demande \u00e0 la Mairie de Yerres\u00a0pour essayer d&#8217;obtenir\u00a0quelques\u00a0cr\u00e9neaux de nage\u00a0et pouvoir\u00a0proposer des\u00a0animations\u00a0en juin \/ juillet\u00a0pour compenser les mois d&#8217;inactivit\u00e9. Malheureusement, nous avons re\u00e7u une r\u00e9ponse n\u00e9gative, seul\u00a0l&#8217;acc\u00e8s au public \u00e9tant envisag\u00e9. Pour les clubs de natation comme le CYN, le\u00a0retour \u00e0 la normale n&#8217;aura donc lieu\u00a0qu&#8217;\u00e0 partir de\u00a0septembre.<\/p>\n\n\n\n<p>Par cons\u00e9quent, nous nous voyons contraints&nbsp;d&#8217;annoncer la fin de la saison 2019\/2020 sans reprise d&#8217;activit\u00e9.<\/p>\n\n\n\n<p><em>Vous trouverez <a href=\"https:\/\/www.vyvs.fr\/actualite\/reouverture-des-piscines-du-val-dyerres-val-de-seine.html\" target=\"_blank\" rel=\"noreferrer noopener\">ICI <\/a>plus d&#8217;informations sur la r\u00e9ouverture des piscines du Val D&#8217;Yerres.<\/em><\/p>\n","protected":false},"excerpt":{"rendered":"<p>Comme vous l&#8217;avez entendu lors des derni\u00e8res annonces du pr\u00e9sident de la r\u00e9publique, l&#8217;\u00eele de France passe en zone verte. A partir du lundi 22 juin, les piscines vont donc rouvrir. Nous avions fait une demande \u00e0 la Mairie de &hellip;<\/p>\n","protected":false},"author":1,"featured_media":0,"comment_status":"closed","ping_status":"open","sticky":false,"template":"","format":"standard","meta":{"advgb_blocks_editor_width":"","advgb_blocks_columns_visual_guide":""},"categories":[92],"tags":[],"author_meta":{"display_name":"Michael","author_link":"https:\/\/www.cyn91.fr\/index.php\/author\/mikchek91\/"},"featured_img":null,"yoast_head":"<!-- This site is optimized with the Yoast SEO plugin v16.5 - https:\/\/yoast.com\/wordpress\/plugins\/seo\/ -->\n<title>R\u00e9ouverture des piscines - Club Yerrois de Natation<\/title>\n<meta name=\"robots\" content=\"index, follow, max-snippet:-1, max-image-preview:large, max-video-preview:-1\" \/>\n<link rel=\"canonical\" href=\"https:\/\/www.cyn91.fr\/index.php\/2020\/06\/20\/reouverture-des-piscines\/\" \/>\n<meta property=\"og:locale\" content=\"fr_FR\" \/>\n<meta property=\"og:type\" content=\"article\" \/>\n<meta property=\"og:title\" content=\"R\u00e9ouverture des piscines - Club Yerrois de Natation\" \/>\n<meta property=\"og:description\" content=\"Comme vous l&#8217;avez entendu lors des derni\u00e8res annonces du pr\u00e9sident de la r\u00e9publique, l&#8217;\u00eele de France passe en zone verte. A partir du lundi 22 juin, les piscines vont donc rouvrir. Nous avions fait une demande \u00e0 la Mairie de &hellip;\" \/>\n<meta property=\"og:url\" content=\"https:\/\/www.cyn91.fr\/index.php\/2020\/06\/20\/reouverture-des-piscines\/\" \/>\n<meta property=\"og:site_name\" content=\"Club Yerrois de Natation\" \/>\n<meta property=\"article:publisher\" content=\"https:\/\/www.facebook.com\/ClubYerroisNatation\" \/>\n<meta property=\"article:published_time\" content=\"2020-06-20T14:06:30+00:00\" \/>\n<meta property=\"article:modified_time\" content=\"2020-09-15T12:35:29+00:00\" \/>\n<meta name=\"twitter:card\" content=\"summary_large_image\" \/>\n<meta name=\"twitter:label1\" content=\"Dur\u00e9e de lecture est.\" \/>\n\t<meta name=\"twitter:data1\" content=\"1 minute\" \/>\n<script type=\"application\/ld+json\" class=\"yoast-schema-graph\">{\"@context\":\"https:\/\/schema.org\",\"@graph\":[{\"@type\":\"Organization\",\"@id\":\"https:\/\/www.cyn91.fr\/#organization\",\"name\":\"Club Yerrois de Natation\",\"url\":\"https:\/\/www.cyn91.fr\/\",\"sameAs\":[\"https:\/\/www.facebook.com\/ClubYerroisNatation\"],\"logo\":{\"@type\":\"ImageObject\",\"@id\":\"https:\/\/www.cyn91.fr\/#logo\",\"inLanguage\":\"fr-FR\",\"url\":\"https:\/\/www.cyn91.fr\/wp-content\/uploads\/Logos\/Logo-cyn_sans-texte_150x75.png\",\"contentUrl\":\"https:\/\/www.cyn91.fr\/wp-content\/uploads\/Logos\/Logo-cyn_sans-texte_150x75.png\",\"width\":150,\"height\":75,\"caption\":\"Club Yerrois de Natation\"},\"image\":{\"@id\":\"https:\/\/www.cyn91.fr\/#logo\"}},{\"@type\":\"WebSite\",\"@id\":\"https:\/\/www.cyn91.fr\/#website\",\"url\":\"https:\/\/www.cyn91.fr\/\",\"name\":\"Club Yerrois de Natation\",\"description\":\"Club Yerrois de Natation\",\"publisher\":{\"@id\":\"https:\/\/www.cyn91.fr\/#organization\"},\"potentialAction\":[{\"@type\":\"SearchAction\",\"target\":\"https:\/\/www.cyn91.fr\/?s={search_term_string}\",\"query-input\":\"required name=search_term_string\"}],\"inLanguage\":\"fr-FR\"},{\"@type\":\"WebPage\",\"@id\":\"https:\/\/www.cyn91.fr\/index.php\/2020\/06\/20\/reouverture-des-piscines\/#webpage\",\"url\":\"https:\/\/www.cyn91.fr\/index.php\/2020\/06\/20\/reouverture-des-piscines\/\",\"name\":\"R\\u00e9ouverture des piscines - Club Yerrois de Natation\",\"isPartOf\":{\"@id\":\"https:\/\/www.cyn91.fr\/#website\"},\"datePublished\":\"2020-06-20T14:06:30+00:00\",\"dateModified\":\"2020-09-15T12:35:29+00:00\",\"breadcrumb\":{\"@id\":\"https:\/\/www.cyn91.fr\/index.php\/2020\/06\/20\/reouverture-des-piscines\/#breadcrumb\"},\"inLanguage\":\"fr-FR\",\"potentialAction\":[{\"@type\":\"ReadAction\",\"target\":[\"https:\/\/www.cyn91.fr\/index.php\/2020\/06\/20\/reouverture-des-piscines\/\"]}]},{\"@type\":\"BreadcrumbList\",\"@id\":\"https:\/\/www.cyn91.fr\/index.php\/2020\/06\/20\/reouverture-des-piscines\/#breadcrumb\",\"itemListElement\":[{\"@type\":\"ListItem\",\"position\":1,\"name\":\"Accueil\",\"item\":\"https:\/\/www.cyn91.fr\/\"},{\"@type\":\"ListItem\",\"position\":2,\"name\":\"R\\u00e9ouverture des piscines\"}]},{\"@type\":\"Article\",\"@id\":\"https:\/\/www.cyn91.fr\/index.php\/2020\/06\/20\/reouverture-des-piscines\/#article\",\"isPartOf\":{\"@id\":\"https:\/\/www.cyn91.fr\/index.php\/2020\/06\/20\/reouverture-des-piscines\/#webpage\"},\"author\":{\"@id\":\"https:\/\/www.cyn91.fr\/#\/schema\/person\/c4bef6df1ddafa9cfd10fc1d9b0f7826\"},\"headline\":\"R\\u00e9ouverture des piscines\",\"datePublished\":\"2020-06-20T14:06:30+00:00\",\"dateModified\":\"2020-09-15T12:35:29+00:00\",\"mainEntityOfPage\":{\"@id\":\"https:\/\/www.cyn91.fr\/index.php\/2020\/06\/20\/reouverture-des-piscines\/#webpage\"},\"wordCount\":135,\"publisher\":{\"@id\":\"https:\/\/www.cyn91.fr\/#organization\"},\"articleSection\":[\"G\\u00e9n\\u00e9ral\"],\"inLanguage\":\"fr-FR\"},{\"@type\":\"Person\",\"@id\":\"https:\/\/www.cyn91.fr\/#\/schema\/person\/c4bef6df1ddafa9cfd10fc1d9b0f7826\",\"name\":\"Michael\",\"image\":{\"@type\":\"ImageObject\",\"@id\":\"https:\/\/www.cyn91.fr\/#personlogo\",\"inLanguage\":\"fr-FR\",\"url\":\"https:\/\/secure.gravatar.com\/avatar\/11a79518b2b2902399994a1ace10df32?s=96&d=mm&r=g\",\"contentUrl\":\"https:\/\/secure.gravatar.com\/avatar\/11a79518b2b2902399994a1ace10df32?s=96&d=mm&r=g\",\"caption\":\"Michael\"},\"url\":\"https:\/\/www.cyn91.fr\/index.php\/author\/mikchek91\/\"}]}<\/script>\n<!-- \/ Yoast SEO plugin. -->","coauthors":[],"tax_additional":{"categories":{"linked":["<a href=\"https:\/\/www.cyn91.fr\/index.php\/category\/general\/\" class=\"advgb-post-tax-term\">G\u00e9n\u00e9ral<\/a>"],"unlinked":["<span class=\"advgb-post-tax-term\">G\u00e9n\u00e9ral<\/span>"]}},"comment_count":"0","relative_dates":{"created":"Publi\u00e9 6 ans il y a","modified":"Mis \u00e0 jour 6 ans il y a"},"absolute_dates":{"created":"Publi\u00e9 le 20 juin 2020","modified":"Mise \u00e0 jour le 15 septembre 2020"},"absolute_dates_time":{"created":"Publi\u00e9 le 20 juin 2020 16 h 06 min","modified":"Mise \u00e0 jour le 15 septembre 2020 14 h 35 min"},"featured_img_caption":"","series_order":"","post_mailing_queue_ids":[],"_links":{"self":[{"href":"https:\/\/www.cyn91.fr\/index.php\/wp-json\/wp\/v2\/posts\/503027"}],"collection":[{"href":"https:\/\/www.cyn91.fr\/index.php\/wp-json\/wp\/v2\/posts"}],"about":[{"href":"https:\/\/www.cyn91.fr\/index.php\/wp-json\/wp\/v2\/types\/post"}],"author":[{"embeddable":true,"href":"https:\/\/www.cyn91.fr\/index.php\/wp-json\/wp\/v2\/users\/1"}],"replies":[{"embeddable":true,"href":"https:\/\/www.cyn91.fr\/index.php\/wp-json\/wp\/v2\/comments?post=503027"}],"version-history":[{"count":2,"href":"https:\/\/www.cyn91.fr\/index.php\/wp-json\/wp\/v2\/posts\/503027\/revisions"}],"predecessor-version":[{"id":504250,"href":"https:\/\/www.cyn91.fr\/index.php\/wp-json\/wp\/v2\/posts\/503027\/revisions\/504250"}],"wp:attachment":[{"href":"https:\/\/www.cyn91.fr\/index.php\/wp-json\/wp\/v2\/media?parent=503027"}],"wp:term":[{"taxonomy":"category","embeddable":true,"href":"https:\/\/www.cyn91.fr\/index.php\/wp-json\/wp\/v2\/categories?post=503027"},{"taxonomy":"post_tag","embeddable":true,"href":"https:\/\/www.cyn91.fr\/index.php\/wp-json\/wp\/v2\/tags?post=503027"}],"curies":[{"name":"wp","href":"https:\/\/api.w.org\/{rel}","templated":true}]}}