{"id":503059,"date":"2020-06-20T16:13:42","date_gmt":"2020-06-20T14:13:42","guid":{"rendered":"https:\/\/www.cyn91.fr\/?p=503059"},"modified":"2020-09-15T14:35:19","modified_gmt":"2020-09-15T12:35:19","slug":"ouverture-des-inscriptions","status":"publish","type":"post","link":"https:\/\/www.cyn91.fr\/index.php\/2020\/06\/20\/ouverture-des-inscriptions\/","title":{"rendered":"Ouverture des inscriptions"},"content":{"rendered":"\n<p class=\"has-text-color has-central-palette-3-color\">Vous l&#8217;attendiez, beaucoup nous l&#8217;ont r\u00e9clam\u00e9e avec insistance (nous vous en remercions), et la voici enfin : <strong>la campagne des r\u00e9inscriptions pour la saison 2020\/2021 est d\u00e9sormais ouverte<\/strong> <strong>!<\/strong><\/p>\n\n\n\n<p>Cette ann\u00e9e, les r\u00e9inscriptions se d\u00e9rouleront int\u00e9gralement&nbsp;<strong>\u00e0 distance<\/strong>, par l&#8217;interm\u00e9diaire de votre compte CYN, et dureront <strong>du 22 au 30 juin<\/strong>. A partir du <strong>1er juillet<\/strong>,&nbsp;les inscriptions seront <strong>ouvertes \u00e0 tous<\/strong>, et les places dans les groupes&nbsp;ne vous seront donc plus r\u00e9serv\u00e9es.<\/p>\n\n\n\n<p>Pour prendre connaissance des conditions de r\u00e9inscriptions et lancer la proc\u00e9dure \u00e0 distance, il vous suffit de <a href=\"https:\/\/www.cyn91.fr\/index.php\/inscriptions\/\">consulter&nbsp;la&nbsp;page Inscriptions<\/a> du site, de lire bien attentivement&nbsp;les conditions affich\u00e9es sur la&nbsp;page, puis de cliquer sur le bouton &#8220;<strong>J&#8217;adh\u00e8re !<\/strong>&#8221; pour d\u00e9buter la proc\u00e9dure (accessible seulement apr\u00e8s vous \u00eatre connect\u00e9 \u00e0 votre compte). NB: Nous vous rappelons comme dit dans <a href=\"https:\/\/www.cyn91.fr\/index.php\/2020\/06\/10\/passages-de-groupe-et-reinscriptions\/\">cet article <\/a>que vous devez consulter la d\u00e9cision de l&#8217;entra\u00eeneur sur le passage de groupe dans votre profil.<\/p>\n\n\n\n<p>Dans le contexte sanitaire ambiant, la mise en place de cette campagne a \u00e9t\u00e9 particuli\u00e8rement difficile.&nbsp;Quelques&nbsp;incertitudes&nbsp;demeurent jusqu&#8217;\u00e0 maintenant sur le d\u00e9roulement de la saison prochaine, personne ne pouvant garantir avec certitude&nbsp;ce qu&#8217;il adviendra en septembre prochain et dans les mois qui suivront. Toutefois, les voyants sont au vert et&nbsp;nos partenaires publics se veulent rassurants, et c&#8217;est donc dans la&nbsp;perspective d&#8217;une <strong>reprise d&#8217;activit\u00e9 &#8220;normale&#8221;<\/strong> que nous organisons cette campagne.<\/p>\n\n\n\n<p class=\"has-text-color has-central-palette-3-color\">Possibilit\u00e9s de d\u00e9dommagement li\u00e9 au COVID<\/p>\n\n\n\n<p>Comme nous l&#8217;avions annonc\u00e9 dans notre pr\u00e9c\u00e9dent message en date du 3 mai, bien qu&#8217;aucune obligation l\u00e9gale&nbsp;n&#8217;existe,&nbsp;nous r\u00e9fl\u00e9chissons \u00e0 des solutions&nbsp;de d\u00e9dommagement pour nos adh\u00e9rents.<\/p>\n\n\n\n<p>Un des enjeux essentiels de notre association sportive&nbsp;est d&#8217;assurer la p\u00e9rennit\u00e9 de notre activit\u00e9&nbsp;dans l&#8217;int\u00e9r\u00eat de tous nos adh\u00e9rents. C&#8217;est pourquoi nous&nbsp;\u00e9valuerons&nbsp;la sant\u00e9 du club&nbsp;dans le cours de la saison 2020\/2021, apr\u00e8s quelques mois d&#8217;activit\u00e9,&nbsp;afin de prendre les meilleures d\u00e9cisions possibles.<\/p>\n\n\n\n<p>Si&nbsp;la situation&nbsp;du club le&nbsp;permet, et uniquement dans ce cas,&nbsp;nous mettrons alors&nbsp;en place&nbsp;des compensations durant la saison, qui pourraient prendre&nbsp;diverses&nbsp;formes (non financi\u00e8res).<\/p>\n\n\n\n<hr class=\"wp-block-separator\"\/>\n\n\n\n<p>Nous serons ravis de vous accueillir \u00e0 nouveau en septembre et d&#8217;ici l\u00e0 nous vous souhaitons un agr\u00e9able \u00e9t\u00e9!<\/p>\n\n\n\n<p>En cas de questions ou difficult\u00e9s, n&#8217;h\u00e9sitez pas \u00e0 nous \u00e9crire \u00e0 cette adresse: <a href=\"mailto:information@cyn91.fr\">information@cyn91.fr<\/a>.<\/p>\n","protected":false},"excerpt":{"rendered":"<p>Vous l&#8217;attendiez, beaucoup nous l&#8217;ont r\u00e9clam\u00e9e avec insistance (nous vous en remercions), et la voici enfin : la campagne des r\u00e9inscriptions pour la saison 2020\/2021 est d\u00e9sormais ouverte ! Cette ann\u00e9e, les r\u00e9inscriptions se d\u00e9rouleront int\u00e9gralement&nbsp;\u00e0 distance, par l&#8217;interm\u00e9diaire de &hellip;<\/p>\n","protected":false},"author":1,"featured_media":0,"comment_status":"closed","ping_status":"open","sticky":false,"template":"","format":"standard","meta":{"advgb_blocks_editor_width":"","advgb_blocks_columns_visual_guide":""},"categories":[92],"tags":[],"author_meta":{"display_name":"Michael","author_link":"https:\/\/www.cyn91.fr\/index.php\/author\/mikchek91\/"},"featured_img":null,"yoast_head":"<!-- This site is optimized with the Yoast SEO plugin v16.5 - https:\/\/yoast.com\/wordpress\/plugins\/seo\/ -->\n<title>Ouverture des inscriptions - Club Yerrois de Natation<\/title>\n<meta name=\"robots\" content=\"index, follow, max-snippet:-1, max-image-preview:large, max-video-preview:-1\" \/>\n<link rel=\"canonical\" href=\"https:\/\/www.cyn91.fr\/index.php\/2020\/06\/20\/ouverture-des-inscriptions\/\" \/>\n<meta property=\"og:locale\" content=\"fr_FR\" \/>\n<meta property=\"og:type\" content=\"article\" \/>\n<meta property=\"og:title\" content=\"Ouverture des inscriptions - Club Yerrois de Natation\" \/>\n<meta property=\"og:description\" content=\"Vous l&#8217;attendiez, beaucoup nous l&#8217;ont r\u00e9clam\u00e9e avec insistance (nous vous en remercions), et la voici enfin : la campagne des r\u00e9inscriptions pour la saison 2020\/2021 est d\u00e9sormais ouverte ! Cette ann\u00e9e, les r\u00e9inscriptions se d\u00e9rouleront int\u00e9gralement&nbsp;\u00e0 distance, par l&#8217;interm\u00e9diaire de &hellip;\" \/>\n<meta property=\"og:url\" content=\"https:\/\/www.cyn91.fr\/index.php\/2020\/06\/20\/ouverture-des-inscriptions\/\" \/>\n<meta property=\"og:site_name\" content=\"Club Yerrois de Natation\" \/>\n<meta property=\"article:publisher\" content=\"https:\/\/www.facebook.com\/ClubYerroisNatation\" \/>\n<meta property=\"article:published_time\" content=\"2020-06-20T14:13:42+00:00\" \/>\n<meta property=\"article:modified_time\" content=\"2020-09-15T12:35:19+00:00\" \/>\n<meta name=\"twitter:card\" content=\"summary_large_image\" \/>\n<meta name=\"twitter:label1\" content=\"Dur\u00e9e de lecture est.\" \/>\n\t<meta name=\"twitter:data1\" content=\"2 minutes\" \/>\n<script type=\"application\/ld+json\" class=\"yoast-schema-graph\">{\"@context\":\"https:\/\/schema.org\",\"@graph\":[{\"@type\":\"Organization\",\"@id\":\"https:\/\/www.cyn91.fr\/#organization\",\"name\":\"Club Yerrois de Natation\",\"url\":\"https:\/\/www.cyn91.fr\/\",\"sameAs\":[\"https:\/\/www.facebook.com\/ClubYerroisNatation\"],\"logo\":{\"@type\":\"ImageObject\",\"@id\":\"https:\/\/www.cyn91.fr\/#logo\",\"inLanguage\":\"fr-FR\",\"url\":\"https:\/\/www.cyn91.fr\/wp-content\/uploads\/Logos\/Logo-cyn_sans-texte_150x75.png\",\"contentUrl\":\"https:\/\/www.cyn91.fr\/wp-content\/uploads\/Logos\/Logo-cyn_sans-texte_150x75.png\",\"width\":150,\"height\":75,\"caption\":\"Club Yerrois de Natation\"},\"image\":{\"@id\":\"https:\/\/www.cyn91.fr\/#logo\"}},{\"@type\":\"WebSite\",\"@id\":\"https:\/\/www.cyn91.fr\/#website\",\"url\":\"https:\/\/www.cyn91.fr\/\",\"name\":\"Club Yerrois de Natation\",\"description\":\"Club Yerrois de Natation\",\"publisher\":{\"@id\":\"https:\/\/www.cyn91.fr\/#organization\"},\"potentialAction\":[{\"@type\":\"SearchAction\",\"target\":\"https:\/\/www.cyn91.fr\/?s={search_term_string}\",\"query-input\":\"required name=search_term_string\"}],\"inLanguage\":\"fr-FR\"},{\"@type\":\"WebPage\",\"@id\":\"https:\/\/www.cyn91.fr\/index.php\/2020\/06\/20\/ouverture-des-inscriptions\/#webpage\",\"url\":\"https:\/\/www.cyn91.fr\/index.php\/2020\/06\/20\/ouverture-des-inscriptions\/\",\"name\":\"Ouverture des inscriptions - Club Yerrois de Natation\",\"isPartOf\":{\"@id\":\"https:\/\/www.cyn91.fr\/#website\"},\"datePublished\":\"2020-06-20T14:13:42+00:00\",\"dateModified\":\"2020-09-15T12:35:19+00:00\",\"breadcrumb\":{\"@id\":\"https:\/\/www.cyn91.fr\/index.php\/2020\/06\/20\/ouverture-des-inscriptions\/#breadcrumb\"},\"inLanguage\":\"fr-FR\",\"potentialAction\":[{\"@type\":\"ReadAction\",\"target\":[\"https:\/\/www.cyn91.fr\/index.php\/2020\/06\/20\/ouverture-des-inscriptions\/\"]}]},{\"@type\":\"BreadcrumbList\",\"@id\":\"https:\/\/www.cyn91.fr\/index.php\/2020\/06\/20\/ouverture-des-inscriptions\/#breadcrumb\",\"itemListElement\":[{\"@type\":\"ListItem\",\"position\":1,\"name\":\"Accueil\",\"item\":\"https:\/\/www.cyn91.fr\/\"},{\"@type\":\"ListItem\",\"position\":2,\"name\":\"Ouverture des inscriptions\"}]},{\"@type\":\"Article\",\"@id\":\"https:\/\/www.cyn91.fr\/index.php\/2020\/06\/20\/ouverture-des-inscriptions\/#article\",\"isPartOf\":{\"@id\":\"https:\/\/www.cyn91.fr\/index.php\/2020\/06\/20\/ouverture-des-inscriptions\/#webpage\"},\"author\":{\"@id\":\"https:\/\/www.cyn91.fr\/#\/schema\/person\/c4bef6df1ddafa9cfd10fc1d9b0f7826\"},\"headline\":\"Ouverture des inscriptions\",\"datePublished\":\"2020-06-20T14:13:42+00:00\",\"dateModified\":\"2020-09-15T12:35:19+00:00\",\"mainEntityOfPage\":{\"@id\":\"https:\/\/www.cyn91.fr\/index.php\/2020\/06\/20\/ouverture-des-inscriptions\/#webpage\"},\"wordCount\":431,\"publisher\":{\"@id\":\"https:\/\/www.cyn91.fr\/#organization\"},\"articleSection\":[\"G\\u00e9n\\u00e9ral\"],\"inLanguage\":\"fr-FR\"},{\"@type\":\"Person\",\"@id\":\"https:\/\/www.cyn91.fr\/#\/schema\/person\/c4bef6df1ddafa9cfd10fc1d9b0f7826\",\"name\":\"Michael\",\"image\":{\"@type\":\"ImageObject\",\"@id\":\"https:\/\/www.cyn91.fr\/#personlogo\",\"inLanguage\":\"fr-FR\",\"url\":\"https:\/\/secure.gravatar.com\/avatar\/11a79518b2b2902399994a1ace10df32?s=96&d=mm&r=g\",\"contentUrl\":\"https:\/\/secure.gravatar.com\/avatar\/11a79518b2b2902399994a1ace10df32?s=96&d=mm&r=g\",\"caption\":\"Michael\"},\"url\":\"https:\/\/www.cyn91.fr\/index.php\/author\/mikchek91\/\"}]}<\/script>\n<!-- \/ Yoast SEO plugin. -->","coauthors":[],"tax_additional":{"categories":{"linked":["<a href=\"https:\/\/www.cyn91.fr\/index.php\/category\/general\/\" class=\"advgb-post-tax-term\">G\u00e9n\u00e9ral<\/a>"],"unlinked":["<span class=\"advgb-post-tax-term\">G\u00e9n\u00e9ral<\/span>"]}},"comment_count":"0","relative_dates":{"created":"Publi\u00e9 6 ans il y a","modified":"Mis \u00e0 jour 6 ans il y a"},"absolute_dates":{"created":"Publi\u00e9 le 20 juin 2020","modified":"Mise \u00e0 jour le 15 septembre 2020"},"absolute_dates_time":{"created":"Publi\u00e9 le 20 juin 2020 16 h 13 min","modified":"Mise \u00e0 jour le 15 septembre 2020 14 h 35 min"},"featured_img_caption":"","series_order":"","post_mailing_queue_ids":[],"_links":{"self":[{"href":"https:\/\/www.cyn91.fr\/index.php\/wp-json\/wp\/v2\/posts\/503059"}],"collection":[{"href":"https:\/\/www.cyn91.fr\/index.php\/wp-json\/wp\/v2\/posts"}],"about":[{"href":"https:\/\/www.cyn91.fr\/index.php\/wp-json\/wp\/v2\/types\/post"}],"author":[{"embeddable":true,"href":"https:\/\/www.cyn91.fr\/index.php\/wp-json\/wp\/v2\/users\/1"}],"replies":[{"embeddable":true,"href":"https:\/\/www.cyn91.fr\/index.php\/wp-json\/wp\/v2\/comments?post=503059"}],"version-history":[{"count":3,"href":"https:\/\/www.cyn91.fr\/index.php\/wp-json\/wp\/v2\/posts\/503059\/revisions"}],"predecessor-version":[{"id":504727,"href":"https:\/\/www.cyn91.fr\/index.php\/wp-json\/wp\/v2\/posts\/503059\/revisions\/504727"}],"wp:attachment":[{"href":"https:\/\/www.cyn91.fr\/index.php\/wp-json\/wp\/v2\/media?parent=503059"}],"wp:term":[{"taxonomy":"category","embeddable":true,"href":"https:\/\/www.cyn91.fr\/index.php\/wp-json\/wp\/v2\/categories?post=503059"},{"taxonomy":"post_tag","embeddable":true,"href":"https:\/\/www.cyn91.fr\/index.php\/wp-json\/wp\/v2\/tags?post=503059"}],"curies":[{"name":"wp","href":"https:\/\/api.w.org\/{rel}","templated":true}]}}