{"id":573904,"date":"2020-08-26T23:29:50","date_gmt":"2020-08-26T21:29:50","guid":{"rendered":"https:\/\/www.cyn91.fr\/?p=573904"},"modified":"2020-09-15T14:34:41","modified_gmt":"2020-09-15T12:34:41","slug":"ouverture-des-inscriptions-2","status":"publish","type":"post","link":"https:\/\/www.cyn91.fr\/index.php\/2020\/08\/26\/ouverture-des-inscriptions-2\/","title":{"rendered":"Ouverture des inscriptions"},"content":{"rendered":"\n<div class=\"wp-block-advgb-image advgb-image-block advgb-lightbox advgb-img-c22da0fd-a402-4b43-a20d-62972d313fb1\" style=\"background-image:url(https:\/\/www.cyn91.fr\/wp-content\/uploads\/2020\/01\/2019_12_ENF_Noel_37-1.jpg);background-position:50% 50%;height:300px;width:225px;justify-content:center;align-items:center\" data-image=\"https:\/\/www.cyn91.fr\/wp-content\/uploads\/2020\/01\/2019_12_ENF_Noel_37-1.jpg\"><a class=\"advgb-image-overlay\" style=\"background-color:#000\" target=\"_blank\" rel=\"noopener noreferrer\"><\/a><\/div>\n\n\n\n<p>La rentr\u00e9e approche! Et avec elle le <a href=\"http:\/\/www.yerres.fr\/download\/Caroussel\/2020\/forum_des_associations_edition_2020.pdf\" target=\"_blank\" rel=\"noreferrer noopener\">forum des associations<\/a> qui se tiendra le <strong>5 septembre<\/strong> prochain au CEC. <\/p>\n\n\n\n<p>Nous reprendrons les <a href=\"https:\/\/www.cyn91.fr\/index.php\/inscriptions\/\">inscriptions <\/a>\u00e0 cette occasion. Il y aura ensuite d&#8217;autres permanences dans nos locaux \u00e0 la piscine de Yerres \u00e0 des dates que nous vous communiquerons d\u00e8s que possible.<\/p>\n\n\n\n<p>D&#8217;autre part, comme nous le disions dans notre pr\u00e9c\u00e9dent <a href=\"https:\/\/www.cyn91.fr\/index.php\/2020\/08\/21\/rentree-sportive\/\">article<\/a>, les cours d\u00e9buteront le <strong>14 septembre 2020.<\/strong><\/p>\n\n\n\n<p>Nous vous souhaitons une bonne rentr\u00e9e.<\/p>\n\n\n\n<p>A bient\u00f4t<\/p>\n\n\n\n<p>L&#8217;\u00e9quipe CYN<\/p>\n<style class=\"advgb-styles-renderer\">.advgb-img-c22da0fd-a402-4b43-a20d-62972d313fb1.advgb-image-block .advgb-image-overlay{opacity:0.12 !important;}.advgb-img-c22da0fd-a402-4b43-a20d-62972d313fb1.advgb-image-block:hover .advgb-image-overlay{opacity:0 !important;}<\/style>","protected":false},"excerpt":{"rendered":"<p>La rentr\u00e9e approche! Et avec elle le forum des associations qui se tiendra le 5 septembre prochain au CEC. Nous reprendrons les inscriptions \u00e0 cette occasion. Il y aura ensuite d&#8217;autres permanences dans nos locaux \u00e0 la piscine de Yerres &hellip;<\/p>\n","protected":false},"author":1,"featured_media":271192,"comment_status":"closed","ping_status":"open","sticky":false,"template":"","format":"standard","meta":{"advgb_blocks_editor_width":"","advgb_blocks_columns_visual_guide":""},"categories":[92],"tags":[],"author_meta":{"display_name":"Michael","author_link":"https:\/\/www.cyn91.fr\/index.php\/author\/mikchek91\/"},"featured_img":"https:\/\/www.cyn91.fr\/wp-content\/uploads\/2020\/01\/2019_12_ENF_Noel_37-1-225x300.jpg","yoast_head":"<!-- This site is optimized with the Yoast SEO plugin v16.5 - https:\/\/yoast.com\/wordpress\/plugins\/seo\/ -->\n<title>Ouverture des inscriptions - Club Yerrois de Natation<\/title>\n<meta name=\"robots\" content=\"index, follow, max-snippet:-1, max-image-preview:large, max-video-preview:-1\" \/>\n<link rel=\"canonical\" href=\"https:\/\/www.cyn91.fr\/index.php\/2020\/08\/26\/ouverture-des-inscriptions-2\/\" \/>\n<meta property=\"og:locale\" content=\"fr_FR\" \/>\n<meta property=\"og:type\" content=\"article\" \/>\n<meta property=\"og:title\" content=\"Ouverture des inscriptions - Club Yerrois de Natation\" \/>\n<meta property=\"og:description\" content=\"La rentr\u00e9e approche! Et avec elle le forum des associations qui se tiendra le 5 septembre prochain au CEC. Nous reprendrons les inscriptions \u00e0 cette occasion. Il y aura ensuite d&#8217;autres permanences dans nos locaux \u00e0 la piscine de Yerres &hellip;\" \/>\n<meta property=\"og:url\" content=\"https:\/\/www.cyn91.fr\/index.php\/2020\/08\/26\/ouverture-des-inscriptions-2\/\" \/>\n<meta property=\"og:site_name\" content=\"Club Yerrois de Natation\" \/>\n<meta property=\"article:publisher\" content=\"https:\/\/www.facebook.com\/ClubYerroisNatation\" \/>\n<meta property=\"article:published_time\" content=\"2020-08-26T21:29:50+00:00\" \/>\n<meta property=\"article:modified_time\" content=\"2020-09-15T12:34:41+00:00\" \/>\n<meta property=\"og:image\" content=\"https:\/\/www.cyn91.fr\/wp-content\/uploads\/2020\/01\/2019_12_ENF_Noel_37-1.jpg\" \/>\n\t<meta property=\"og:image:width\" content=\"576\" \/>\n\t<meta property=\"og:image:height\" content=\"768\" \/>\n<meta name=\"twitter:card\" content=\"summary_large_image\" \/>\n<script type=\"application\/ld+json\" class=\"yoast-schema-graph\">{\"@context\":\"https:\/\/schema.org\",\"@graph\":[{\"@type\":\"Organization\",\"@id\":\"https:\/\/www.cyn91.fr\/#organization\",\"name\":\"Club Yerrois de Natation\",\"url\":\"https:\/\/www.cyn91.fr\/\",\"sameAs\":[\"https:\/\/www.facebook.com\/ClubYerroisNatation\"],\"logo\":{\"@type\":\"ImageObject\",\"@id\":\"https:\/\/www.cyn91.fr\/#logo\",\"inLanguage\":\"fr-FR\",\"url\":\"https:\/\/www.cyn91.fr\/wp-content\/uploads\/Logos\/Logo-cyn_sans-texte_150x75.png\",\"contentUrl\":\"https:\/\/www.cyn91.fr\/wp-content\/uploads\/Logos\/Logo-cyn_sans-texte_150x75.png\",\"width\":150,\"height\":75,\"caption\":\"Club Yerrois de Natation\"},\"image\":{\"@id\":\"https:\/\/www.cyn91.fr\/#logo\"}},{\"@type\":\"WebSite\",\"@id\":\"https:\/\/www.cyn91.fr\/#website\",\"url\":\"https:\/\/www.cyn91.fr\/\",\"name\":\"Club Yerrois de Natation\",\"description\":\"Club Yerrois de Natation\",\"publisher\":{\"@id\":\"https:\/\/www.cyn91.fr\/#organization\"},\"potentialAction\":[{\"@type\":\"SearchAction\",\"target\":\"https:\/\/www.cyn91.fr\/?s={search_term_string}\",\"query-input\":\"required name=search_term_string\"}],\"inLanguage\":\"fr-FR\"},{\"@type\":\"ImageObject\",\"@id\":\"https:\/\/www.cyn91.fr\/index.php\/2020\/08\/26\/ouverture-des-inscriptions-2\/#primaryimage\",\"inLanguage\":\"fr-FR\",\"url\":\"https:\/\/www.cyn91.fr\/wp-content\/uploads\/2020\/01\/2019_12_ENF_Noel_37-1.jpg\",\"contentUrl\":\"https:\/\/www.cyn91.fr\/wp-content\/uploads\/2020\/01\/2019_12_ENF_Noel_37-1.jpg\",\"width\":576,\"height\":768},{\"@type\":\"WebPage\",\"@id\":\"https:\/\/www.cyn91.fr\/index.php\/2020\/08\/26\/ouverture-des-inscriptions-2\/#webpage\",\"url\":\"https:\/\/www.cyn91.fr\/index.php\/2020\/08\/26\/ouverture-des-inscriptions-2\/\",\"name\":\"Ouverture des inscriptions - Club Yerrois de Natation\",\"isPartOf\":{\"@id\":\"https:\/\/www.cyn91.fr\/#website\"},\"primaryImageOfPage\":{\"@id\":\"https:\/\/www.cyn91.fr\/index.php\/2020\/08\/26\/ouverture-des-inscriptions-2\/#primaryimage\"},\"datePublished\":\"2020-08-26T21:29:50+00:00\",\"dateModified\":\"2020-09-15T12:34:41+00:00\",\"breadcrumb\":{\"@id\":\"https:\/\/www.cyn91.fr\/index.php\/2020\/08\/26\/ouverture-des-inscriptions-2\/#breadcrumb\"},\"inLanguage\":\"fr-FR\",\"potentialAction\":[{\"@type\":\"ReadAction\",\"target\":[\"https:\/\/www.cyn91.fr\/index.php\/2020\/08\/26\/ouverture-des-inscriptions-2\/\"]}]},{\"@type\":\"BreadcrumbList\",\"@id\":\"https:\/\/www.cyn91.fr\/index.php\/2020\/08\/26\/ouverture-des-inscriptions-2\/#breadcrumb\",\"itemListElement\":[{\"@type\":\"ListItem\",\"position\":1,\"name\":\"Accueil\",\"item\":\"https:\/\/www.cyn91.fr\/\"},{\"@type\":\"ListItem\",\"position\":2,\"name\":\"Ouverture des inscriptions\"}]},{\"@type\":\"Article\",\"@id\":\"https:\/\/www.cyn91.fr\/index.php\/2020\/08\/26\/ouverture-des-inscriptions-2\/#article\",\"isPartOf\":{\"@id\":\"https:\/\/www.cyn91.fr\/index.php\/2020\/08\/26\/ouverture-des-inscriptions-2\/#webpage\"},\"author\":{\"@id\":\"https:\/\/www.cyn91.fr\/#\/schema\/person\/c4bef6df1ddafa9cfd10fc1d9b0f7826\"},\"headline\":\"Ouverture des inscriptions\",\"datePublished\":\"2020-08-26T21:29:50+00:00\",\"dateModified\":\"2020-09-15T12:34:41+00:00\",\"mainEntityOfPage\":{\"@id\":\"https:\/\/www.cyn91.fr\/index.php\/2020\/08\/26\/ouverture-des-inscriptions-2\/#webpage\"},\"wordCount\":82,\"publisher\":{\"@id\":\"https:\/\/www.cyn91.fr\/#organization\"},\"image\":{\"@id\":\"https:\/\/www.cyn91.fr\/index.php\/2020\/08\/26\/ouverture-des-inscriptions-2\/#primaryimage\"},\"thumbnailUrl\":\"https:\/\/www.cyn91.fr\/wp-content\/uploads\/2020\/01\/2019_12_ENF_Noel_37-1.jpg\",\"articleSection\":[\"G\\u00e9n\\u00e9ral\"],\"inLanguage\":\"fr-FR\"},{\"@type\":\"Person\",\"@id\":\"https:\/\/www.cyn91.fr\/#\/schema\/person\/c4bef6df1ddafa9cfd10fc1d9b0f7826\",\"name\":\"Michael\",\"image\":{\"@type\":\"ImageObject\",\"@id\":\"https:\/\/www.cyn91.fr\/#personlogo\",\"inLanguage\":\"fr-FR\",\"url\":\"https:\/\/secure.gravatar.com\/avatar\/11a79518b2b2902399994a1ace10df32?s=96&d=mm&r=g\",\"contentUrl\":\"https:\/\/secure.gravatar.com\/avatar\/11a79518b2b2902399994a1ace10df32?s=96&d=mm&r=g\",\"caption\":\"Michael\"},\"url\":\"https:\/\/www.cyn91.fr\/index.php\/author\/mikchek91\/\"}]}<\/script>\n<!-- \/ Yoast SEO plugin. -->","coauthors":[],"tax_additional":{"categories":{"linked":["<a href=\"https:\/\/www.cyn91.fr\/index.php\/category\/general\/\" class=\"advgb-post-tax-term\">G\u00e9n\u00e9ral<\/a>"],"unlinked":["<span class=\"advgb-post-tax-term\">G\u00e9n\u00e9ral<\/span>"]}},"comment_count":"1","relative_dates":{"created":"Publi\u00e9 6 ans il y a","modified":"Mis \u00e0 jour 6 ans il y a"},"absolute_dates":{"created":"Publi\u00e9 le 26 ao\u00fbt 2020","modified":"Mise \u00e0 jour le 15 septembre 2020"},"absolute_dates_time":{"created":"Publi\u00e9 le 26 ao\u00fbt 2020 23 h 29 min","modified":"Mise \u00e0 jour le 15 septembre 2020 14 h 34 min"},"featured_img_caption":"","series_order":"","post_mailing_queue_ids":[],"_links":{"self":[{"href":"https:\/\/www.cyn91.fr\/index.php\/wp-json\/wp\/v2\/posts\/573904"}],"collection":[{"href":"https:\/\/www.cyn91.fr\/index.php\/wp-json\/wp\/v2\/posts"}],"about":[{"href":"https:\/\/www.cyn91.fr\/index.php\/wp-json\/wp\/v2\/types\/post"}],"author":[{"embeddable":true,"href":"https:\/\/www.cyn91.fr\/index.php\/wp-json\/wp\/v2\/users\/1"}],"replies":[{"embeddable":true,"href":"https:\/\/www.cyn91.fr\/index.php\/wp-json\/wp\/v2\/comments?post=573904"}],"version-history":[{"count":4,"href":"https:\/\/www.cyn91.fr\/index.php\/wp-json\/wp\/v2\/posts\/573904\/revisions"}],"predecessor-version":[{"id":593241,"href":"https:\/\/www.cyn91.fr\/index.php\/wp-json\/wp\/v2\/posts\/573904\/revisions\/593241"}],"wp:featuredmedia":[{"embeddable":true,"href":"https:\/\/www.cyn91.fr\/index.php\/wp-json\/wp\/v2\/media\/271192"}],"wp:attachment":[{"href":"https:\/\/www.cyn91.fr\/index.php\/wp-json\/wp\/v2\/media?parent=573904"}],"wp:term":[{"taxonomy":"category","embeddable":true,"href":"https:\/\/www.cyn91.fr\/index.php\/wp-json\/wp\/v2\/categories?post=573904"},{"taxonomy":"post_tag","embeddable":true,"href":"https:\/\/www.cyn91.fr\/index.php\/wp-json\/wp\/v2\/tags?post=573904"}],"curies":[{"name":"wp","href":"https:\/\/api.w.org\/{rel}","templated":true}]}}