{"id":580942,"date":"2020-09-03T09:29:17","date_gmt":"2020-09-03T07:29:17","guid":{"rendered":"https:\/\/www.cyn91.fr\/?p=580942"},"modified":"2020-09-15T14:34:28","modified_gmt":"2020-09-15T12:34:28","slug":"permanences-de-rentree","status":"publish","type":"post","link":"https:\/\/www.cyn91.fr\/index.php\/2020\/09\/03\/permanences-de-rentree\/","title":{"rendered":"Permanences de rentr\u00e9e"},"content":{"rendered":"\n<div class=\"wp-block-advgb-image advgb-image-block full-width advgb-lightbox advgb-img-05519dc0-7309-4d23-bde2-368ddc1a0dee\" style=\"background-image:url(https:\/\/www.cyn91.fr\/wp-content\/uploads\/2020\/09\/stand-forum-2020.jpg);background-position:50% 50%;height:385px;width:500px;justify-content:center;align-items:center\" data-image=\"https:\/\/www.cyn91.fr\/wp-content\/uploads\/2020\/09\/stand-forum-2020.jpg\"><a class=\"advgb-image-overlay\" style=\"background-color:#000\" target=\"_blank\" rel=\"noopener noreferrer\"><\/a><\/div>\n\n\n\n<p>En compl\u00e9ment de nos <a href=\"https:\/\/www.cyn91.fr\/index.php\/2020\/08\/26\/ouverture-des-inscriptions-2\/\">posts <\/a>pr\u00e9c\u00e9dents et pour faire suite \u00e9galement au forum des associations qui se tiendra samedi 5 au CEC, nous ouvrons 3 permanences pour les inscriptions dans nos locaux \u00e0 la piscine Val de Forme de Yerres aux dates suivantes:<\/p>\n\n\n\n<ul><li>Mercredi 9 septembre de 17h30 \u00e0 19h30<\/li><li>Samedi 12 septembre de 10h \u00e0 13h<\/li><li>Mercredi 16 septembre de 17h30 \u00e0 19h30.<\/li><\/ul>\n\n\n\n<p><em>Remarque: si un test est n\u00e9cessaire pour votre enfant, il sera organis\u00e9e pendant la permanence, donc, pensez \u00e0 apporter serviette, bonnet, maillot de bain.<\/em><\/p>\n\n\n\n<p>Pensez \u00e0 consulter notre page <a href=\"https:\/\/www.cyn91.fr\/index.php\/inscriptions\/\">Inscriptions <\/a>pour prendre connaissance des modalit\u00e9s, des tarifs&#8230;<\/p>\n\n\n\n<p>Nous vous souhaitons une bonne rentr\u00e9e \u00e0 tous.<\/p>\n<style class=\"advgb-styles-renderer\">.advgb-img-05519dc0-7309-4d23-bde2-368ddc1a0dee.advgb-image-block .advgb-image-overlay{opacity:0.1 !important;}.advgb-img-05519dc0-7309-4d23-bde2-368ddc1a0dee.advgb-image-block:hover .advgb-image-overlay{opacity:0 !important;}<\/style>","protected":false},"excerpt":{"rendered":"<p>En compl\u00e9ment de nos posts pr\u00e9c\u00e9dents et pour faire suite \u00e9galement au forum des associations qui se tiendra samedi 5 au CEC, nous ouvrons 3 permanences pour les inscriptions dans nos locaux \u00e0 la piscine Val de Forme de Yerres &hellip;<\/p>\n","protected":false},"author":1,"featured_media":593191,"comment_status":"closed","ping_status":"open","sticky":false,"template":"","format":"standard","meta":{"advgb_blocks_editor_width":"","advgb_blocks_columns_visual_guide":""},"categories":[92],"tags":[],"author_meta":{"display_name":"Michael","author_link":"https:\/\/www.cyn91.fr\/index.php\/author\/mikchek91\/"},"featured_img":"https:\/\/www.cyn91.fr\/wp-content\/uploads\/2020\/09\/stand-forum-2020-300x200.jpg","yoast_head":"<!-- This site is optimized with the Yoast SEO plugin v16.5 - https:\/\/yoast.com\/wordpress\/plugins\/seo\/ -->\n<title>Permanences de rentr\u00e9e - Club Yerrois de Natation<\/title>\n<meta name=\"robots\" content=\"index, follow, max-snippet:-1, max-image-preview:large, max-video-preview:-1\" \/>\n<link rel=\"canonical\" href=\"https:\/\/www.cyn91.fr\/index.php\/2020\/09\/03\/permanences-de-rentree\/\" \/>\n<meta property=\"og:locale\" content=\"fr_FR\" \/>\n<meta property=\"og:type\" content=\"article\" \/>\n<meta property=\"og:title\" content=\"Permanences de rentr\u00e9e - Club Yerrois de Natation\" \/>\n<meta property=\"og:description\" content=\"En compl\u00e9ment de nos posts pr\u00e9c\u00e9dents et pour faire suite \u00e9galement au forum des associations qui se tiendra samedi 5 au CEC, nous ouvrons 3 permanences pour les inscriptions dans nos locaux \u00e0 la piscine Val de Forme de Yerres &hellip;\" \/>\n<meta property=\"og:url\" content=\"https:\/\/www.cyn91.fr\/index.php\/2020\/09\/03\/permanences-de-rentree\/\" \/>\n<meta property=\"og:site_name\" content=\"Club Yerrois de Natation\" \/>\n<meta property=\"article:publisher\" content=\"https:\/\/www.facebook.com\/ClubYerroisNatation\" \/>\n<meta property=\"article:published_time\" content=\"2020-09-03T07:29:17+00:00\" \/>\n<meta property=\"article:modified_time\" content=\"2020-09-15T12:34:28+00:00\" \/>\n<meta property=\"og:image\" content=\"https:\/\/www.cyn91.fr\/wp-content\/uploads\/2020\/09\/stand-forum-2020.jpg\" \/>\n\t<meta property=\"og:image:width\" content=\"1081\" \/>\n\t<meta property=\"og:image:height\" content=\"720\" \/>\n<meta name=\"twitter:card\" content=\"summary_large_image\" \/>\n<meta name=\"twitter:label1\" content=\"Dur\u00e9e de lecture est.\" \/>\n\t<meta name=\"twitter:data1\" content=\"1 minute\" \/>\n<script type=\"application\/ld+json\" class=\"yoast-schema-graph\">{\"@context\":\"https:\/\/schema.org\",\"@graph\":[{\"@type\":\"Organization\",\"@id\":\"https:\/\/www.cyn91.fr\/#organization\",\"name\":\"Club Yerrois de Natation\",\"url\":\"https:\/\/www.cyn91.fr\/\",\"sameAs\":[\"https:\/\/www.facebook.com\/ClubYerroisNatation\"],\"logo\":{\"@type\":\"ImageObject\",\"@id\":\"https:\/\/www.cyn91.fr\/#logo\",\"inLanguage\":\"fr-FR\",\"url\":\"https:\/\/www.cyn91.fr\/wp-content\/uploads\/Logos\/Logo-cyn_sans-texte_150x75.png\",\"contentUrl\":\"https:\/\/www.cyn91.fr\/wp-content\/uploads\/Logos\/Logo-cyn_sans-texte_150x75.png\",\"width\":150,\"height\":75,\"caption\":\"Club Yerrois de Natation\"},\"image\":{\"@id\":\"https:\/\/www.cyn91.fr\/#logo\"}},{\"@type\":\"WebSite\",\"@id\":\"https:\/\/www.cyn91.fr\/#website\",\"url\":\"https:\/\/www.cyn91.fr\/\",\"name\":\"Club Yerrois de Natation\",\"description\":\"Club Yerrois de Natation\",\"publisher\":{\"@id\":\"https:\/\/www.cyn91.fr\/#organization\"},\"potentialAction\":[{\"@type\":\"SearchAction\",\"target\":\"https:\/\/www.cyn91.fr\/?s={search_term_string}\",\"query-input\":\"required name=search_term_string\"}],\"inLanguage\":\"fr-FR\"},{\"@type\":\"ImageObject\",\"@id\":\"https:\/\/www.cyn91.fr\/index.php\/2020\/09\/03\/permanences-de-rentree\/#primaryimage\",\"inLanguage\":\"fr-FR\",\"url\":\"https:\/\/www.cyn91.fr\/wp-content\/uploads\/2020\/09\/stand-forum-2020.jpg\",\"contentUrl\":\"https:\/\/www.cyn91.fr\/wp-content\/uploads\/2020\/09\/stand-forum-2020.jpg\",\"width\":1081,\"height\":720},{\"@type\":\"WebPage\",\"@id\":\"https:\/\/www.cyn91.fr\/index.php\/2020\/09\/03\/permanences-de-rentree\/#webpage\",\"url\":\"https:\/\/www.cyn91.fr\/index.php\/2020\/09\/03\/permanences-de-rentree\/\",\"name\":\"Permanences de rentr\\u00e9e - Club Yerrois de Natation\",\"isPartOf\":{\"@id\":\"https:\/\/www.cyn91.fr\/#website\"},\"primaryImageOfPage\":{\"@id\":\"https:\/\/www.cyn91.fr\/index.php\/2020\/09\/03\/permanences-de-rentree\/#primaryimage\"},\"datePublished\":\"2020-09-03T07:29:17+00:00\",\"dateModified\":\"2020-09-15T12:34:28+00:00\",\"breadcrumb\":{\"@id\":\"https:\/\/www.cyn91.fr\/index.php\/2020\/09\/03\/permanences-de-rentree\/#breadcrumb\"},\"inLanguage\":\"fr-FR\",\"potentialAction\":[{\"@type\":\"ReadAction\",\"target\":[\"https:\/\/www.cyn91.fr\/index.php\/2020\/09\/03\/permanences-de-rentree\/\"]}]},{\"@type\":\"BreadcrumbList\",\"@id\":\"https:\/\/www.cyn91.fr\/index.php\/2020\/09\/03\/permanences-de-rentree\/#breadcrumb\",\"itemListElement\":[{\"@type\":\"ListItem\",\"position\":1,\"name\":\"Accueil\",\"item\":\"https:\/\/www.cyn91.fr\/\"},{\"@type\":\"ListItem\",\"position\":2,\"name\":\"Permanences de rentr\\u00e9e\"}]},{\"@type\":\"Article\",\"@id\":\"https:\/\/www.cyn91.fr\/index.php\/2020\/09\/03\/permanences-de-rentree\/#article\",\"isPartOf\":{\"@id\":\"https:\/\/www.cyn91.fr\/index.php\/2020\/09\/03\/permanences-de-rentree\/#webpage\"},\"author\":{\"@id\":\"https:\/\/www.cyn91.fr\/#\/schema\/person\/c4bef6df1ddafa9cfd10fc1d9b0f7826\"},\"headline\":\"Permanences de rentr\\u00e9e\",\"datePublished\":\"2020-09-03T07:29:17+00:00\",\"dateModified\":\"2020-09-15T12:34:28+00:00\",\"mainEntityOfPage\":{\"@id\":\"https:\/\/www.cyn91.fr\/index.php\/2020\/09\/03\/permanences-de-rentree\/#webpage\"},\"wordCount\":107,\"publisher\":{\"@id\":\"https:\/\/www.cyn91.fr\/#organization\"},\"image\":{\"@id\":\"https:\/\/www.cyn91.fr\/index.php\/2020\/09\/03\/permanences-de-rentree\/#primaryimage\"},\"thumbnailUrl\":\"https:\/\/www.cyn91.fr\/wp-content\/uploads\/2020\/09\/stand-forum-2020.jpg\",\"articleSection\":[\"G\\u00e9n\\u00e9ral\"],\"inLanguage\":\"fr-FR\"},{\"@type\":\"Person\",\"@id\":\"https:\/\/www.cyn91.fr\/#\/schema\/person\/c4bef6df1ddafa9cfd10fc1d9b0f7826\",\"name\":\"Michael\",\"image\":{\"@type\":\"ImageObject\",\"@id\":\"https:\/\/www.cyn91.fr\/#personlogo\",\"inLanguage\":\"fr-FR\",\"url\":\"https:\/\/secure.gravatar.com\/avatar\/11a79518b2b2902399994a1ace10df32?s=96&d=mm&r=g\",\"contentUrl\":\"https:\/\/secure.gravatar.com\/avatar\/11a79518b2b2902399994a1ace10df32?s=96&d=mm&r=g\",\"caption\":\"Michael\"},\"url\":\"https:\/\/www.cyn91.fr\/index.php\/author\/mikchek91\/\"}]}<\/script>\n<!-- \/ Yoast SEO plugin. -->","coauthors":[],"tax_additional":{"categories":{"linked":["<a href=\"https:\/\/www.cyn91.fr\/index.php\/category\/general\/\" class=\"advgb-post-tax-term\">G\u00e9n\u00e9ral<\/a>"],"unlinked":["<span class=\"advgb-post-tax-term\">G\u00e9n\u00e9ral<\/span>"]}},"comment_count":"0","relative_dates":{"created":"Publi\u00e9 6 ans il y a","modified":"Mis \u00e0 jour 6 ans il y a"},"absolute_dates":{"created":"Publi\u00e9 le 3 septembre 2020","modified":"Mise \u00e0 jour le 15 septembre 2020"},"absolute_dates_time":{"created":"Publi\u00e9 le 3 septembre 2020 9 h 29 min","modified":"Mise \u00e0 jour le 15 septembre 2020 14 h 34 min"},"featured_img_caption":"","series_order":"","post_mailing_queue_ids":[],"_links":{"self":[{"href":"https:\/\/www.cyn91.fr\/index.php\/wp-json\/wp\/v2\/posts\/580942"}],"collection":[{"href":"https:\/\/www.cyn91.fr\/index.php\/wp-json\/wp\/v2\/posts"}],"about":[{"href":"https:\/\/www.cyn91.fr\/index.php\/wp-json\/wp\/v2\/types\/post"}],"author":[{"embeddable":true,"href":"https:\/\/www.cyn91.fr\/index.php\/wp-json\/wp\/v2\/users\/1"}],"replies":[{"embeddable":true,"href":"https:\/\/www.cyn91.fr\/index.php\/wp-json\/wp\/v2\/comments?post=580942"}],"version-history":[{"count":2,"href":"https:\/\/www.cyn91.fr\/index.php\/wp-json\/wp\/v2\/posts\/580942\/revisions"}],"predecessor-version":[{"id":593199,"href":"https:\/\/www.cyn91.fr\/index.php\/wp-json\/wp\/v2\/posts\/580942\/revisions\/593199"}],"wp:featuredmedia":[{"embeddable":true,"href":"https:\/\/www.cyn91.fr\/index.php\/wp-json\/wp\/v2\/media\/593191"}],"wp:attachment":[{"href":"https:\/\/www.cyn91.fr\/index.php\/wp-json\/wp\/v2\/media?parent=580942"}],"wp:term":[{"taxonomy":"category","embeddable":true,"href":"https:\/\/www.cyn91.fr\/index.php\/wp-json\/wp\/v2\/categories?post=580942"},{"taxonomy":"post_tag","embeddable":true,"href":"https:\/\/www.cyn91.fr\/index.php\/wp-json\/wp\/v2\/tags?post=580942"}],"curies":[{"name":"wp","href":"https:\/\/api.w.org\/{rel}","templated":true}]}}