{"id":595036,"date":"2020-09-16T19:11:58","date_gmt":"2020-09-16T17:11:58","guid":{"rendered":"https:\/\/www.cyn91.fr\/?p=595036"},"modified":"2020-10-02T15:51:56","modified_gmt":"2020-10-02T13:51:56","slug":"assemblee-generale-2020","status":"publish","type":"post","link":"https:\/\/www.cyn91.fr\/index.php\/2020\/09\/16\/assemblee-generale-2020\/","title":{"rendered":"Assembl\u00e9e G\u00e9n\u00e9rale 2020"},"content":{"rendered":"\n<p>Nous vous convions \u00e0 <strong><span class=\"has-inline-color has-central-palette-3-color\">l&#8217;assembl\u00e9e g\u00e9n\u00e9rale ordinaire du CLUB YERROIS DE NATATION<\/span><\/strong>, le<strong> <\/strong><span class=\"has-inline-color has-central-palette-3-color\"><strong>vendredi 9\u00a0octobre 2020\u00a0\u00e0 20h30<\/strong> <\/span>\u00e0 la <a href=\"https:\/\/www.openstreetmap.org\/#map=19\/48.71672\/2.49242\" target=\"_blank\" rel=\"noreferrer noopener\"><strong><span class=\"has-inline-color has-central-palette-3-color\">salle Saint-Exup\u00e9ry, 7 rue de l&#8217;Eglise \u00e0 Yerres<\/span><\/strong> (voir le plan ici)<\/a>. Cliquez sur la <a href=\"https:\/\/www.openstreetmap.org\/#map=19\/48.71672\/2.49242\" target=\"_blank\" rel=\"noreferrer noopener\">convocation avec l&#8217;ordre du jour et une procuration <\/a>pour vous faire repr\u00e9senter par une autre personne en cas d&#8217;absence.<br><br>L\u2019Assembl\u00e9e G\u00e9n\u00e9rale est un\u00a0<strong>moment important<\/strong>\u00a0dans la vie de\u00a0notre\u00a0association, ouverte \u00e0 tous les adh\u00e9rents qui souhaitent en apprendre plus sur son fonctionnement. C&#8217;est aussi un\u00a0<strong>moment d&#8217;\u00e9change<\/strong>, une occasion privil\u00e9gi\u00e9e pour vous de faire connaissance avec les membres du bureau et, pourquoi pas,\u00a0de\u00a0<strong>rejoindre cette \u00e9quipe sympathique<\/strong>\u00a0qui anime la vie du club.<br>Nous insistons sur le fait que <strong>votre participation\u00a0est tr\u00e8s\u00a0importante<\/strong> : en tant qu&#8217;association, nous nous devons d&#8217;avoir une repr\u00e9sentation suffisante\u00a0de nos adh\u00e9rents, afin d&#8217;assurer le &#8220;quorum&#8221; et de\u00a0valider les d\u00e9cisions prises\u00a0lors de l&#8217;Assembl\u00e9e G\u00e9n\u00e9rale. Aussi, si vous ne pouvez vous joindre \u00e0 nous ce jour-l\u00e0, nous\u00a0vous rappelons que vous\u00a0pouvez n\u00e9anmoins\u00a0nous transmettre la\u00a0<strong><a href=\"https:\/\/www.cyn91.fr\/index.php\/2020\/09\/16\/assemblee-generale-2020\/\" target=\"_blank\" rel=\"noreferrer noopener\">procuration (cliquez ici)<\/a><\/strong>. <strong>Chaque\u00a0<a href=\"https:\/\/www.cyn91.fr\/wp-content\/uploads\/2020\/10\/Convocation-AG-2020.pdf\" target=\"_blank\" rel=\"noreferrer noopener\">procuration (cliquez ici) <\/a>est\u00a0importante\u00a0<\/strong>: la compl\u00e9ter ne vous prendra qu&#8217;une minute, et vous pourrez\u00a0la\u00a0d\u00e9poser lors de votre prochain passage \u00e0 la piscine,\u00a0dans la bo\u00eete aux lettres du CYN situ\u00e9e tout de suite\u00a0\u00e0 gauche en entrant. Sur cette\u00a0<a href=\"https:\/\/www.cyn91.fr\/wp-content\/uploads\/2020\/10\/Convocation-AG-2020.pdf\" target=\"_blank\" rel=\"noreferrer noopener\">procuration (cliquez ici)<\/a>, sachez que\u00a0vous pouvez indiquer le nom\u00a0de\u00a0l&#8217;un des membres du bureau du CYN qui vous repr\u00e9sentera\u00a0:<\/p>\n\n\n\n<p class=\"has-text-align-left\"><a href=\"https:\/\/www.cyn91.fr\/index.php\/bureau\/\">Composition du Bureau<\/a><br><br>Enfin,\u00a0du fait des directives sanitaires\u00a0en vigueur et d&#8217;un arr\u00eat\u00e9 pr\u00e9fectoral r\u00e9cent, pensez \u00e9galement \u00e0 bien vous munir de votre\u00a0<strong>masque<\/strong>, qui devra \u00eatre port\u00e9 tout au long de la r\u00e9union. De m\u00eame, la situation\u00a0nous contraint \u00e0\u00a0annuler le traditionnel\u00a0&#8220;<em>verre de l&#8217;amiti\u00e9<\/em>&#8221; qui cl\u00f4turait habituellement\u00a0la soir\u00e9e. Nous regrettons cette situation, mais\u00a0nous nous devons\u00a0de respecter les consignes. Malgr\u00e9 ce contexte, soyez certains que\u00a0nous\u00a0prendrons bien\u00a0le temps de\u00a0vous \u00e9couter et de\u00a0r\u00e9pondre \u00e0\u00a0vos questions quant au fonctionnement et aux projets\u00a0du club.<br>Nous comptons sur votre participation \u00e0 ce moment important, et esp\u00e9rons \u00e9changer avec vous de vive voix le 9 octobre prochain !<br><br><em>L&#8217;\u00e9quipe\u00a0du CYN<\/em><\/p>\n","protected":false},"excerpt":{"rendered":"<p>Nous vous convions \u00e0 l&#8217;assembl\u00e9e g\u00e9n\u00e9rale ordinaire du CLUB YERROIS DE NATATION, le vendredi 9\u00a0octobre 2020\u00a0\u00e0 20h30 \u00e0 la salle Saint-Exup\u00e9ry, 7 rue de l&#8217;Eglise \u00e0 Yerres (voir le plan ici). Cliquez sur la convocation avec l&#8217;ordre du jour et &hellip;<\/p>\n","protected":false},"author":1,"featured_media":595047,"comment_status":"closed","ping_status":"open","sticky":false,"template":"","format":"standard","meta":{"advgb_blocks_editor_width":"","advgb_blocks_columns_visual_guide":""},"categories":[92],"tags":[],"author_meta":{"display_name":"Michael","author_link":"https:\/\/www.cyn91.fr\/index.php\/author\/mikchek91\/"},"featured_img":"https:\/\/www.cyn91.fr\/wp-content\/uploads\/2020\/09\/assemble_generale-300x100.jpg","yoast_head":"<!-- This site is optimized with the Yoast SEO plugin v16.5 - https:\/\/yoast.com\/wordpress\/plugins\/seo\/ -->\n<title>Assembl\u00e9e G\u00e9n\u00e9rale 2020 - Club Yerrois de Natation<\/title>\n<meta name=\"robots\" content=\"index, follow, max-snippet:-1, max-image-preview:large, max-video-preview:-1\" \/>\n<link rel=\"canonical\" href=\"https:\/\/www.cyn91.fr\/index.php\/2020\/09\/16\/assemblee-generale-2020\/\" \/>\n<meta property=\"og:locale\" content=\"fr_FR\" \/>\n<meta property=\"og:type\" content=\"article\" \/>\n<meta property=\"og:title\" content=\"Assembl\u00e9e G\u00e9n\u00e9rale 2020 - Club Yerrois de Natation\" \/>\n<meta property=\"og:description\" content=\"Nous vous convions \u00e0 l&#8217;assembl\u00e9e g\u00e9n\u00e9rale ordinaire du CLUB YERROIS DE NATATION, le vendredi 9\u00a0octobre 2020\u00a0\u00e0 20h30 \u00e0 la salle Saint-Exup\u00e9ry, 7 rue de l&#8217;Eglise \u00e0 Yerres (voir le plan ici). Cliquez sur la convocation avec l&#8217;ordre du jour et &hellip;\" \/>\n<meta property=\"og:url\" content=\"https:\/\/www.cyn91.fr\/index.php\/2020\/09\/16\/assemblee-generale-2020\/\" \/>\n<meta property=\"og:site_name\" content=\"Club Yerrois de Natation\" \/>\n<meta property=\"article:publisher\" content=\"https:\/\/www.facebook.com\/ClubYerroisNatation\" \/>\n<meta property=\"article:published_time\" content=\"2020-09-16T17:11:58+00:00\" \/>\n<meta property=\"article:modified_time\" content=\"2020-10-02T13:51:56+00:00\" \/>\n<meta property=\"og:image\" content=\"https:\/\/www.cyn91.fr\/wp-content\/uploads\/2020\/09\/assemble_generale.jpg\" \/>\n\t<meta property=\"og:image:width\" content=\"2280\" \/>\n\t<meta property=\"og:image:height\" content=\"760\" \/>\n<meta name=\"twitter:card\" content=\"summary_large_image\" \/>\n<meta name=\"twitter:label1\" content=\"Dur\u00e9e de lecture est.\" \/>\n\t<meta name=\"twitter:data1\" content=\"2 minutes\" \/>\n<script type=\"application\/ld+json\" class=\"yoast-schema-graph\">{\"@context\":\"https:\/\/schema.org\",\"@graph\":[{\"@type\":\"Organization\",\"@id\":\"https:\/\/www.cyn91.fr\/#organization\",\"name\":\"Club Yerrois de Natation\",\"url\":\"https:\/\/www.cyn91.fr\/\",\"sameAs\":[\"https:\/\/www.facebook.com\/ClubYerroisNatation\"],\"logo\":{\"@type\":\"ImageObject\",\"@id\":\"https:\/\/www.cyn91.fr\/#logo\",\"inLanguage\":\"fr-FR\",\"url\":\"https:\/\/www.cyn91.fr\/wp-content\/uploads\/Logos\/Logo-cyn_sans-texte_150x75.png\",\"contentUrl\":\"https:\/\/www.cyn91.fr\/wp-content\/uploads\/Logos\/Logo-cyn_sans-texte_150x75.png\",\"width\":150,\"height\":75,\"caption\":\"Club Yerrois de Natation\"},\"image\":{\"@id\":\"https:\/\/www.cyn91.fr\/#logo\"}},{\"@type\":\"WebSite\",\"@id\":\"https:\/\/www.cyn91.fr\/#website\",\"url\":\"https:\/\/www.cyn91.fr\/\",\"name\":\"Club Yerrois de Natation\",\"description\":\"Club Yerrois de Natation\",\"publisher\":{\"@id\":\"https:\/\/www.cyn91.fr\/#organization\"},\"potentialAction\":[{\"@type\":\"SearchAction\",\"target\":\"https:\/\/www.cyn91.fr\/?s={search_term_string}\",\"query-input\":\"required name=search_term_string\"}],\"inLanguage\":\"fr-FR\"},{\"@type\":\"ImageObject\",\"@id\":\"https:\/\/www.cyn91.fr\/index.php\/2020\/09\/16\/assemblee-generale-2020\/#primaryimage\",\"inLanguage\":\"fr-FR\",\"url\":\"https:\/\/www.cyn91.fr\/wp-content\/uploads\/2020\/09\/assemble_generale.jpg\",\"contentUrl\":\"https:\/\/www.cyn91.fr\/wp-content\/uploads\/2020\/09\/assemble_generale.jpg\",\"width\":2280,\"height\":760},{\"@type\":\"WebPage\",\"@id\":\"https:\/\/www.cyn91.fr\/index.php\/2020\/09\/16\/assemblee-generale-2020\/#webpage\",\"url\":\"https:\/\/www.cyn91.fr\/index.php\/2020\/09\/16\/assemblee-generale-2020\/\",\"name\":\"Assembl\\u00e9e G\\u00e9n\\u00e9rale 2020 - Club Yerrois de Natation\",\"isPartOf\":{\"@id\":\"https:\/\/www.cyn91.fr\/#website\"},\"primaryImageOfPage\":{\"@id\":\"https:\/\/www.cyn91.fr\/index.php\/2020\/09\/16\/assemblee-generale-2020\/#primaryimage\"},\"datePublished\":\"2020-09-16T17:11:58+00:00\",\"dateModified\":\"2020-10-02T13:51:56+00:00\",\"breadcrumb\":{\"@id\":\"https:\/\/www.cyn91.fr\/index.php\/2020\/09\/16\/assemblee-generale-2020\/#breadcrumb\"},\"inLanguage\":\"fr-FR\",\"potentialAction\":[{\"@type\":\"ReadAction\",\"target\":[\"https:\/\/www.cyn91.fr\/index.php\/2020\/09\/16\/assemblee-generale-2020\/\"]}]},{\"@type\":\"BreadcrumbList\",\"@id\":\"https:\/\/www.cyn91.fr\/index.php\/2020\/09\/16\/assemblee-generale-2020\/#breadcrumb\",\"itemListElement\":[{\"@type\":\"ListItem\",\"position\":1,\"name\":\"Accueil\",\"item\":\"https:\/\/www.cyn91.fr\/\"},{\"@type\":\"ListItem\",\"position\":2,\"name\":\"Assembl\\u00e9e G\\u00e9n\\u00e9rale 2020\"}]},{\"@type\":\"Article\",\"@id\":\"https:\/\/www.cyn91.fr\/index.php\/2020\/09\/16\/assemblee-generale-2020\/#article\",\"isPartOf\":{\"@id\":\"https:\/\/www.cyn91.fr\/index.php\/2020\/09\/16\/assemblee-generale-2020\/#webpage\"},\"author\":{\"@id\":\"https:\/\/www.cyn91.fr\/#\/schema\/person\/c4bef6df1ddafa9cfd10fc1d9b0f7826\"},\"headline\":\"Assembl\\u00e9e G\\u00e9n\\u00e9rale 2020\",\"datePublished\":\"2020-09-16T17:11:58+00:00\",\"dateModified\":\"2020-10-02T13:51:56+00:00\",\"mainEntityOfPage\":{\"@id\":\"https:\/\/www.cyn91.fr\/index.php\/2020\/09\/16\/assemblee-generale-2020\/#webpage\"},\"wordCount\":379,\"publisher\":{\"@id\":\"https:\/\/www.cyn91.fr\/#organization\"},\"image\":{\"@id\":\"https:\/\/www.cyn91.fr\/index.php\/2020\/09\/16\/assemblee-generale-2020\/#primaryimage\"},\"thumbnailUrl\":\"https:\/\/www.cyn91.fr\/wp-content\/uploads\/2020\/09\/assemble_generale.jpg\",\"articleSection\":[\"G\\u00e9n\\u00e9ral\"],\"inLanguage\":\"fr-FR\"},{\"@type\":\"Person\",\"@id\":\"https:\/\/www.cyn91.fr\/#\/schema\/person\/c4bef6df1ddafa9cfd10fc1d9b0f7826\",\"name\":\"Michael\",\"image\":{\"@type\":\"ImageObject\",\"@id\":\"https:\/\/www.cyn91.fr\/#personlogo\",\"inLanguage\":\"fr-FR\",\"url\":\"https:\/\/secure.gravatar.com\/avatar\/11a79518b2b2902399994a1ace10df32?s=96&d=mm&r=g\",\"contentUrl\":\"https:\/\/secure.gravatar.com\/avatar\/11a79518b2b2902399994a1ace10df32?s=96&d=mm&r=g\",\"caption\":\"Michael\"},\"url\":\"https:\/\/www.cyn91.fr\/index.php\/author\/mikchek91\/\"}]}<\/script>\n<!-- \/ Yoast SEO plugin. -->","coauthors":[],"tax_additional":{"categories":{"linked":["<a href=\"https:\/\/www.cyn91.fr\/index.php\/category\/general\/\" class=\"advgb-post-tax-term\">G\u00e9n\u00e9ral<\/a>"],"unlinked":["<span class=\"advgb-post-tax-term\">G\u00e9n\u00e9ral<\/span>"]}},"comment_count":"0","relative_dates":{"created":"Publi\u00e9 6 ans il y a","modified":"Mis \u00e0 jour 6 ans il y a"},"absolute_dates":{"created":"Publi\u00e9 le 16 septembre 2020","modified":"Mise \u00e0 jour le 2 octobre 2020"},"absolute_dates_time":{"created":"Publi\u00e9 le 16 septembre 2020 19 h 11 min","modified":"Mise \u00e0 jour le 2 octobre 2020 15 h 51 min"},"featured_img_caption":"","series_order":"","post_mailing_queue_ids":[],"_links":{"self":[{"href":"https:\/\/www.cyn91.fr\/index.php\/wp-json\/wp\/v2\/posts\/595036"}],"collection":[{"href":"https:\/\/www.cyn91.fr\/index.php\/wp-json\/wp\/v2\/posts"}],"about":[{"href":"https:\/\/www.cyn91.fr\/index.php\/wp-json\/wp\/v2\/types\/post"}],"author":[{"embeddable":true,"href":"https:\/\/www.cyn91.fr\/index.php\/wp-json\/wp\/v2\/users\/1"}],"replies":[{"embeddable":true,"href":"https:\/\/www.cyn91.fr\/index.php\/wp-json\/wp\/v2\/comments?post=595036"}],"version-history":[{"count":4,"href":"https:\/\/www.cyn91.fr\/index.php\/wp-json\/wp\/v2\/posts\/595036\/revisions"}],"predecessor-version":[{"id":609423,"href":"https:\/\/www.cyn91.fr\/index.php\/wp-json\/wp\/v2\/posts\/595036\/revisions\/609423"}],"wp:featuredmedia":[{"embeddable":true,"href":"https:\/\/www.cyn91.fr\/index.php\/wp-json\/wp\/v2\/media\/595047"}],"wp:attachment":[{"href":"https:\/\/www.cyn91.fr\/index.php\/wp-json\/wp\/v2\/media?parent=595036"}],"wp:term":[{"taxonomy":"category","embeddable":true,"href":"https:\/\/www.cyn91.fr\/index.php\/wp-json\/wp\/v2\/categories?post=595036"},{"taxonomy":"post_tag","embeddable":true,"href":"https:\/\/www.cyn91.fr\/index.php\/wp-json\/wp\/v2\/tags?post=595036"}],"curies":[{"name":"wp","href":"https:\/\/api.w.org\/{rel}","templated":true}]}}