{"id":678952,"date":"2020-12-17T23:27:15","date_gmt":"2020-12-17T22:27:15","guid":{"rendered":"https:\/\/www.cyn91.fr\/?p=678952"},"modified":"2020-12-17T23:27:18","modified_gmt":"2020-12-17T22:27:18","slug":"mesures-sanitaires-mise-a-jour","status":"publish","type":"post","link":"https:\/\/www.cyn91.fr\/index.php\/2020\/12\/17\/mesures-sanitaires-mise-a-jour\/","title":{"rendered":"Mesures sanitaires (mise \u00e0 jour)"},"content":{"rendered":"\n<p class=\"green-message\">Apr\u00e8s ce deuxi\u00e8me confinement, les\u00a0<strong>activit\u00e9s reprennent \u00e0 partir du\u00a015 d\u00e9cembre 2020<\/strong>.<br>Retrouvez ici le d\u00e9tail du protocole sanitaire.<br>Dans le contexte sanitaire actuel, il va de soi que les gestes barri\u00e8res en vigueur partout ailleurs\u00a0restent de mise. Plus particuli\u00e8rement, un certain nombre de\u00a0<strong>directives\u00a0<\/strong>ont \u00e9t\u00e9 \u00e9dict\u00e9es par l&#8217;UCPA, gestionnaire de la\u00a0Piscine Val de Forme d\u2019Yerres. Nous nous devons de les appliquer. Nous vous r\u00e9sumons ici les principales consignes\u00a0\u00e0 suivre, qui concernent \u00e0 la fois les nageurs et leurs accompagnateurs. Il est tr\u00e8s important de respecter ces consignes, afin d&#8217;assurer le bon d\u00e9roulement des activit\u00e9s\u00a0du club tout au long de la saison,\u00a0et ne pas mettre en danger la sant\u00e9 des uns et des autres.\u00a0<br><\/p>\n\n\n\n<p><span class=\"has-inline-color has-central-palette-3-color\">Pour les nageurs adh\u00e9rents du CYN:<\/span><\/p>\n\n\n\n<ul><li>Se pr\u00e9senter aux s\u00e9ances\u00a0<strong>\u00e0 l&#8217;heure<\/strong>\u00a0;\u00a0tout\u00a0nageur arrivant en\u00a0retard ne pourra \u00eatre admis.<\/li><li>Les\u00a0<strong>vestiaires collectifs\u00a0<\/strong>seront bien\u00a0mis \u00e0 disposition des\u00a0nageurs,\u00a0mais\u00a0il est demand\u00e9 de limiter au strict\u00a0minimum\u00a0le temps de pr\u00e9sence \u00e0 l&#8217;int\u00e9rieur des vestiaires.<\/li><li>Pour tous les adh\u00e9rents \u00e2g\u00e9s\u00a0<strong>de 6 ans et plus<\/strong>,\u00a0<strong>porter un masque\u00a0<\/strong>d\u00e8s l&#8217;entr\u00e9e \u00e0 la piscine, et durant tout le temps de pr\u00e9sence dans les vestiaires ; le masque ne sera retir\u00e9 qu&#8217;au moment d&#8217;acc\u00e9der \u00e0 la zone de\u00a0douche. Le port du\u00a0masque n&#8217;est\u00a0donc pas demand\u00e9\u00a0au bord du bassin.<\/li><li>En arrivant, bien se\u00a0<strong>nettoyer\u00a0les mains\u00a0<\/strong>en utilisant les distributeurs de\u00a0solution hydroalcoolique pr\u00e9vus \u00e0 cet effet dans le hall de la piscine ;<\/li><li>Bien\u00a0<strong>se d\u00e9chausser\u00a0<\/strong>et laisser ses chaussures \u00e0 l&#8217;entr\u00e9e des vestiaires, sur\u00a0les \u00e9tag\u00e8res pr\u00e9vues \u00e0 cet effet ;\u00a0il est interdit de se d\u00e9placer en chaussures dans les vestiaires et au-del\u00e0.<\/li><li>\u00a0Afin de fluidifier les rotations\u00a0entre les\u00a0groupes, dans la mesure du\u00a0possible,\u00a0il est demand\u00e9 d&#8217;arriver \u00e0 la piscine avec le\u00a0<strong>maillot de bain d\u00e9j\u00e0 sur soi<\/strong>.<\/li><li>L&#8217;acc\u00e8s \u00e0 la\u00a0<strong>zone de douche et au bassin n&#8217;est autoris\u00e9 qu&#8217;aux nageurs<\/strong>\u00a0et\u00a0strictement\u00a0interdite aux accompagnateurs.<\/li><li>Une fois sur le bord du bassin, les activit\u00e9s\u00a0dans l&#8217;eau et hors de l&#8217;eau se d\u00e9rouleront comme d&#8217;habitude (pas de mesure\u00a0particuli\u00e8re).<\/li><\/ul>\n\n\n\n<p><span class=\"has-inline-color has-central-palette-3-color\">Pour nos plus jeunes adh\u00e9rents (- de 6 ans):<\/span><\/p>\n\n\n\n<ul><li>Seuls les plus jeunes enfants pourront \u00eatre&nbsp;accompagn\u00e9s par une personne&nbsp;jusque dans les vestiaires&nbsp;; les accompagnateurs&nbsp;devront&nbsp;respecter toutes les r\u00e8gles&nbsp;list\u00e9es ci-dessus, et quitter les&nbsp;lieux&nbsp;au plus vite.&nbsp;<\/li><li>La&nbsp;zone de douche n&#8217;\u00e9tant pas accessible aux accompagnateurs, ces derniers&nbsp;devront laisser&nbsp;les enfants&nbsp;au niveau de&nbsp;la&nbsp;porte&nbsp;donnant sur les douches.&nbsp;<\/li><li>En d\u00e9but de s\u00e9ance, nos&nbsp;entra\u00eeneurs prendront en charge les enfants&nbsp;au niveau des douches.<\/li><li>A la fin de la s\u00e9ance, nos entra\u00eeneurs&nbsp;accompagneront les enfants directement&nbsp;jusqu&#8217;\u00e0 la sortie des douches. Il ne sera pas possible de laver&nbsp;les enfants&nbsp;sur place.&nbsp;Les accompagnateurs attendront de l&#8217;autre c\u00f4t\u00e9 de la porte, dans les vestiaires.&nbsp;<strong>Nous demandons encore une fois d&#8217;\u00eatre bien \u00e0 l&#8217;heure&nbsp;<\/strong>\u00e0 l&#8217;issue de la s\u00e9ance pour ne pas perturber l&#8217;encadrement des groupes par nos entra\u00eeneurs.<\/li><\/ul>\n\n\n\n<p><span class=\"has-inline-color has-central-palette-3-color\">Pour les parents et accompagnateurs:<\/span><\/p>\n\n\n\n<ul><li><strong>L&#8217;acc\u00e8s&nbsp;dans les vestiaires collectifs et au-del\u00e0&nbsp;est&nbsp;strictement&nbsp;interdit<\/strong>&nbsp;pour les accompagnateurs, sauf pour&nbsp;les plus petits (voir ci-dessus).<\/li><li>Les&nbsp;<strong>gradins seront inaccessibles<\/strong>,&nbsp;ferm\u00e9s pour tout le monde.<\/li><li>Il est interdit de&nbsp;demeurer&nbsp;dans le hall de la piscine, en attendant les nageurs ; l&#8217;attente devra donc se faire \u00e0 l&#8217;ext\u00e9rieur du b\u00e2timent.<\/li><\/ul>\n\n\n\n<p><span class=\"has-inline-color has-central-palette-3-color\">En cas d&#8217;apparition de&nbsp;sympt\u00f4mes:<\/span><\/p>\n\n\n\n<p>En cette p\u00e9riode de rentr\u00e9e scolaire et de reprise d&#8217;activit\u00e9s, nous vous demandons d\u2019\u00eatre particuli\u00e8rement vigilants et attentifs \u00e0 l&#8217;apparition d&#8217;\u00e9ventuels sympt\u00f4mes (toux, fi\u00e8vre, perte d\u2019odorat, \u2026). Il est \u00e9galement&nbsp;demand\u00e9&nbsp;de prendre sa temp\u00e9rature avant de venir \u00e0 la piscine.&nbsp;Si&nbsp;des sympt\u00f4mes se manifestent, nous vous prions de ne pas vous pr\u00e9senter \u00e0 la piscine&nbsp;et&nbsp;de nous pr\u00e9venir par e-mail \u00e0 notre&nbsp;adresse principale&nbsp;(<a rel=\"noreferrer noopener\" href=\"mailto:information@cyn91.fr\" target=\"_blank\">information@cyn91.fr<\/a>).<\/p>\n\n\n\n<p>Ces consignes&nbsp;pourront \u00eatre modifi\u00e9es en cas d&#8217;\u00e9volution des directives locales et gouvernementales, ce dont nous vous ferons&nbsp;part le cas \u00e9ch\u00e9ant.<br>Nous sommes conscients que ces mesures sont&nbsp;contraignantes, mais elles ne sont pas excessives. Elles permettent notamment de ne pas&nbsp;perturber&nbsp;le d\u00e9roulement normal&nbsp;des s\u00e9ances dans le bassin. Il&nbsp;s&#8217;agit d&#8217;efforts n\u00e9cessaires pour assurer la viabilit\u00e9 de la&nbsp;saison sportive,&nbsp;en toute s\u00e9curit\u00e9. Nous comptons donc sur chacun d&#8217;entre vous pour appliquer enti\u00e8rement&nbsp;ces consignes et permettre \u00e0 tous&nbsp;de profiter pleinement de notre loisir&nbsp;pr\u00e9f\u00e9r\u00e9.<br>Nous vous&nbsp;attendons avec impatience la semaine prochaine&nbsp;et vous souhaitons \u00e0 tous un tr\u00e8s bon d\u00e9but de saison !<\/p>\n\n\n\n<p><br>L&#8217;\u00e9quipe du&nbsp;CYN<\/p>\n","protected":false},"excerpt":{"rendered":"<p>Apr\u00e8s ce deuxi\u00e8me confinement, les\u00a0activit\u00e9s reprennent \u00e0 partir du\u00a015 d\u00e9cembre 2020.Retrouvez ici le d\u00e9tail du protocole sanitaire.Dans le contexte sanitaire actuel, il va de soi que les gestes barri\u00e8res en vigueur partout ailleurs\u00a0restent de mise. Plus particuli\u00e8rement, un certain nombre &hellip;<\/p>\n","protected":false},"author":1,"featured_media":678967,"comment_status":"closed","ping_status":"open","sticky":false,"template":"","format":"standard","meta":{"advgb_blocks_editor_width":"","advgb_blocks_columns_visual_guide":""},"categories":[1],"tags":[],"author_meta":{"display_name":"Michael","author_link":"https:\/\/www.cyn91.fr\/index.php\/author\/mikchek91\/"},"featured_img":"https:\/\/www.cyn91.fr\/wp-content\/uploads\/2020\/12\/mesures-barrieres-decembre-2020-216x300.png","yoast_head":"<!-- This site is optimized with the Yoast SEO plugin v16.5 - https:\/\/yoast.com\/wordpress\/plugins\/seo\/ -->\n<title>Mesures sanitaires (mise \u00e0 jour) - Club Yerrois de Natation<\/title>\n<meta name=\"robots\" content=\"index, follow, max-snippet:-1, max-image-preview:large, max-video-preview:-1\" \/>\n<link rel=\"canonical\" href=\"https:\/\/www.cyn91.fr\/index.php\/2020\/12\/17\/mesures-sanitaires-mise-a-jour\/\" \/>\n<meta property=\"og:locale\" content=\"fr_FR\" \/>\n<meta property=\"og:type\" content=\"article\" \/>\n<meta property=\"og:title\" content=\"Mesures sanitaires (mise \u00e0 jour) - Club Yerrois de Natation\" \/>\n<meta property=\"og:description\" content=\"Apr\u00e8s ce deuxi\u00e8me confinement, les\u00a0activit\u00e9s reprennent \u00e0 partir du\u00a015 d\u00e9cembre 2020.Retrouvez ici le d\u00e9tail du protocole sanitaire.Dans le contexte sanitaire actuel, il va de soi que les gestes barri\u00e8res en vigueur partout ailleurs\u00a0restent de mise. Plus particuli\u00e8rement, un certain nombre &hellip;\" \/>\n<meta property=\"og:url\" content=\"https:\/\/www.cyn91.fr\/index.php\/2020\/12\/17\/mesures-sanitaires-mise-a-jour\/\" \/>\n<meta property=\"og:site_name\" content=\"Club Yerrois de Natation\" \/>\n<meta property=\"article:publisher\" content=\"https:\/\/www.facebook.com\/ClubYerroisNatation\" \/>\n<meta property=\"article:published_time\" content=\"2020-12-17T22:27:15+00:00\" \/>\n<meta property=\"article:modified_time\" content=\"2020-12-17T22:27:18+00:00\" \/>\n<meta property=\"og:image\" content=\"https:\/\/www.cyn91.fr\/wp-content\/uploads\/2020\/12\/mesures-barrieres-decembre-2020.png\" \/>\n\t<meta property=\"og:image:width\" content=\"530\" \/>\n\t<meta property=\"og:image:height\" content=\"735\" \/>\n<meta name=\"twitter:card\" content=\"summary_large_image\" \/>\n<meta name=\"twitter:label1\" content=\"Dur\u00e9e de lecture est.\" \/>\n\t<meta name=\"twitter:data1\" content=\"4 minutes\" \/>\n<script type=\"application\/ld+json\" class=\"yoast-schema-graph\">{\"@context\":\"https:\/\/schema.org\",\"@graph\":[{\"@type\":\"Organization\",\"@id\":\"https:\/\/www.cyn91.fr\/#organization\",\"name\":\"Club Yerrois de Natation\",\"url\":\"https:\/\/www.cyn91.fr\/\",\"sameAs\":[\"https:\/\/www.facebook.com\/ClubYerroisNatation\"],\"logo\":{\"@type\":\"ImageObject\",\"@id\":\"https:\/\/www.cyn91.fr\/#logo\",\"inLanguage\":\"fr-FR\",\"url\":\"https:\/\/www.cyn91.fr\/wp-content\/uploads\/Logos\/Logo-cyn_sans-texte_150x75.png\",\"contentUrl\":\"https:\/\/www.cyn91.fr\/wp-content\/uploads\/Logos\/Logo-cyn_sans-texte_150x75.png\",\"width\":150,\"height\":75,\"caption\":\"Club Yerrois de Natation\"},\"image\":{\"@id\":\"https:\/\/www.cyn91.fr\/#logo\"}},{\"@type\":\"WebSite\",\"@id\":\"https:\/\/www.cyn91.fr\/#website\",\"url\":\"https:\/\/www.cyn91.fr\/\",\"name\":\"Club Yerrois de Natation\",\"description\":\"Club Yerrois de Natation\",\"publisher\":{\"@id\":\"https:\/\/www.cyn91.fr\/#organization\"},\"potentialAction\":[{\"@type\":\"SearchAction\",\"target\":\"https:\/\/www.cyn91.fr\/?s={search_term_string}\",\"query-input\":\"required name=search_term_string\"}],\"inLanguage\":\"fr-FR\"},{\"@type\":\"ImageObject\",\"@id\":\"https:\/\/www.cyn91.fr\/index.php\/2020\/12\/17\/mesures-sanitaires-mise-a-jour\/#primaryimage\",\"inLanguage\":\"fr-FR\",\"url\":\"https:\/\/www.cyn91.fr\/wp-content\/uploads\/2020\/12\/mesures-barrieres-decembre-2020.png\",\"contentUrl\":\"https:\/\/www.cyn91.fr\/wp-content\/uploads\/2020\/12\/mesures-barrieres-decembre-2020.png\",\"width\":530,\"height\":735},{\"@type\":\"WebPage\",\"@id\":\"https:\/\/www.cyn91.fr\/index.php\/2020\/12\/17\/mesures-sanitaires-mise-a-jour\/#webpage\",\"url\":\"https:\/\/www.cyn91.fr\/index.php\/2020\/12\/17\/mesures-sanitaires-mise-a-jour\/\",\"name\":\"Mesures sanitaires (mise \\u00e0 jour) - Club Yerrois de Natation\",\"isPartOf\":{\"@id\":\"https:\/\/www.cyn91.fr\/#website\"},\"primaryImageOfPage\":{\"@id\":\"https:\/\/www.cyn91.fr\/index.php\/2020\/12\/17\/mesures-sanitaires-mise-a-jour\/#primaryimage\"},\"datePublished\":\"2020-12-17T22:27:15+00:00\",\"dateModified\":\"2020-12-17T22:27:18+00:00\",\"breadcrumb\":{\"@id\":\"https:\/\/www.cyn91.fr\/index.php\/2020\/12\/17\/mesures-sanitaires-mise-a-jour\/#breadcrumb\"},\"inLanguage\":\"fr-FR\",\"potentialAction\":[{\"@type\":\"ReadAction\",\"target\":[\"https:\/\/www.cyn91.fr\/index.php\/2020\/12\/17\/mesures-sanitaires-mise-a-jour\/\"]}]},{\"@type\":\"BreadcrumbList\",\"@id\":\"https:\/\/www.cyn91.fr\/index.php\/2020\/12\/17\/mesures-sanitaires-mise-a-jour\/#breadcrumb\",\"itemListElement\":[{\"@type\":\"ListItem\",\"position\":1,\"name\":\"Accueil\",\"item\":\"https:\/\/www.cyn91.fr\/\"},{\"@type\":\"ListItem\",\"position\":2,\"name\":\"Mesures sanitaires (mise \\u00e0 jour)\"}]},{\"@type\":\"Article\",\"@id\":\"https:\/\/www.cyn91.fr\/index.php\/2020\/12\/17\/mesures-sanitaires-mise-a-jour\/#article\",\"isPartOf\":{\"@id\":\"https:\/\/www.cyn91.fr\/index.php\/2020\/12\/17\/mesures-sanitaires-mise-a-jour\/#webpage\"},\"author\":{\"@id\":\"https:\/\/www.cyn91.fr\/#\/schema\/person\/c4bef6df1ddafa9cfd10fc1d9b0f7826\"},\"headline\":\"Mesures sanitaires (mise \\u00e0 jour)\",\"datePublished\":\"2020-12-17T22:27:15+00:00\",\"dateModified\":\"2020-12-17T22:27:18+00:00\",\"mainEntityOfPage\":{\"@id\":\"https:\/\/www.cyn91.fr\/index.php\/2020\/12\/17\/mesures-sanitaires-mise-a-jour\/#webpage\"},\"wordCount\":850,\"publisher\":{\"@id\":\"https:\/\/www.cyn91.fr\/#organization\"},\"image\":{\"@id\":\"https:\/\/www.cyn91.fr\/index.php\/2020\/12\/17\/mesures-sanitaires-mise-a-jour\/#primaryimage\"},\"thumbnailUrl\":\"https:\/\/www.cyn91.fr\/wp-content\/uploads\/2020\/12\/mesures-barrieres-decembre-2020.png\",\"inLanguage\":\"fr-FR\"},{\"@type\":\"Person\",\"@id\":\"https:\/\/www.cyn91.fr\/#\/schema\/person\/c4bef6df1ddafa9cfd10fc1d9b0f7826\",\"name\":\"Michael\",\"image\":{\"@type\":\"ImageObject\",\"@id\":\"https:\/\/www.cyn91.fr\/#personlogo\",\"inLanguage\":\"fr-FR\",\"url\":\"https:\/\/secure.gravatar.com\/avatar\/11a79518b2b2902399994a1ace10df32?s=96&d=mm&r=g\",\"contentUrl\":\"https:\/\/secure.gravatar.com\/avatar\/11a79518b2b2902399994a1ace10df32?s=96&d=mm&r=g\",\"caption\":\"Michael\"},\"url\":\"https:\/\/www.cyn91.fr\/index.php\/author\/mikchek91\/\"}]}<\/script>\n<!-- \/ Yoast SEO plugin. -->","coauthors":[],"tax_additional":{"categories":{"linked":["<a href=\"https:\/\/www.cyn91.fr\/index.php\/category\/non-classe\/\" class=\"advgb-post-tax-term\">Non class\u00e9<\/a>"],"unlinked":["<span class=\"advgb-post-tax-term\">Non class\u00e9<\/span>"]}},"comment_count":"0","relative_dates":{"created":"Publi\u00e9 5 ans il y a","modified":"Mis \u00e0 jour 5 ans il y a"},"absolute_dates":{"created":"Publi\u00e9 le 17 d\u00e9cembre 2020","modified":"Mise \u00e0 jour le 17 d\u00e9cembre 2020"},"absolute_dates_time":{"created":"Publi\u00e9 le 17 d\u00e9cembre 2020 23 h 27 min","modified":"Mise \u00e0 jour le 17 d\u00e9cembre 2020 23 h 27 min"},"featured_img_caption":"","series_order":"","post_mailing_queue_ids":[],"_links":{"self":[{"href":"https:\/\/www.cyn91.fr\/index.php\/wp-json\/wp\/v2\/posts\/678952"}],"collection":[{"href":"https:\/\/www.cyn91.fr\/index.php\/wp-json\/wp\/v2\/posts"}],"about":[{"href":"https:\/\/www.cyn91.fr\/index.php\/wp-json\/wp\/v2\/types\/post"}],"author":[{"embeddable":true,"href":"https:\/\/www.cyn91.fr\/index.php\/wp-json\/wp\/v2\/users\/1"}],"replies":[{"embeddable":true,"href":"https:\/\/www.cyn91.fr\/index.php\/wp-json\/wp\/v2\/comments?post=678952"}],"version-history":[{"count":1,"href":"https:\/\/www.cyn91.fr\/index.php\/wp-json\/wp\/v2\/posts\/678952\/revisions"}],"predecessor-version":[{"id":678978,"href":"https:\/\/www.cyn91.fr\/index.php\/wp-json\/wp\/v2\/posts\/678952\/revisions\/678978"}],"wp:featuredmedia":[{"embeddable":true,"href":"https:\/\/www.cyn91.fr\/index.php\/wp-json\/wp\/v2\/media\/678967"}],"wp:attachment":[{"href":"https:\/\/www.cyn91.fr\/index.php\/wp-json\/wp\/v2\/media?parent=678952"}],"wp:term":[{"taxonomy":"category","embeddable":true,"href":"https:\/\/www.cyn91.fr\/index.php\/wp-json\/wp\/v2\/categories?post=678952"},{"taxonomy":"post_tag","embeddable":true,"href":"https:\/\/www.cyn91.fr\/index.php\/wp-json\/wp\/v2\/tags?post=678952"}],"curies":[{"name":"wp","href":"https:\/\/api.w.org\/{rel}","templated":true}]}}