{"id":710883,"date":"2021-02-01T15:31:34","date_gmt":"2021-02-01T14:31:34","guid":{"rendered":"https:\/\/www.cyn91.fr\/?p=710883"},"modified":"2021-02-01T15:39:23","modified_gmt":"2021-02-01T14:39:23","slug":"point-sur-la-crise-sanitaire","status":"publish","type":"post","link":"https:\/\/www.cyn91.fr\/index.php\/2021\/02\/01\/point-sur-la-crise-sanitaire\/","title":{"rendered":"Point sur la crise sanitaire"},"content":{"rendered":"\n<p>Chers adh\u00e9rents du CYN,<\/p>\n\n\n\n<p>Nous profitons des derni\u00e8res annonces du gouvernement&nbsp;pour partager quelques informations avec vous, 2 semaines apr\u00e8s&nbsp;le dernier&nbsp;coup d&#8217;arr\u00eat de nos activit\u00e9s.<\/p>\n\n\n\n<p><strong>La situation ne change pas&nbsp;<\/strong>pour le monde sportif,&nbsp;et ne devrait pas \u00e9voluer non plus dans les semaines \u00e0 venir. Les activit\u00e9s sportives en int\u00e9rieur restent ferm\u00e9es \u00e0 tous les adh\u00e9rents, adultes et&nbsp;enfants, scolaires et non-scolaires. Nous continuons de nous informer et suivre l&#8217;\u00e9volution de la situation pour retrouver le chemin des bassins au plus vite.<\/p>\n\n\n\n<p>Nous souhaitons cependant&nbsp;profiter&nbsp;de l&#8217;occasion pour prendre les devants et&nbsp;vous tenir inform\u00e9s des r\u00e9flexions que nous menons sur de&nbsp;<strong>possibles compensations&nbsp;<\/strong>aux pertes d&#8217;activit\u00e9 constat\u00e9es jusqu&#8217;\u00e0 maintenant.<\/p>\n\n\n\n<p>La saison \u00e9tant fortement impact\u00e9e, vous \u00eates nombreux \u00e0 vous interroger logiquement&nbsp;sur la possibilit\u00e9 d&#8217;obtenir des compensations.<\/p>\n\n\n\n<p>Nous avions d\u00e9j\u00e0 fait face \u00e0 des interrogations similaires l&#8217;an dernier suite&nbsp;au&nbsp;premier confinement, qui \u00e9tait intervenu bien plus tard dans la saison. Nous avions alors rappel\u00e9&nbsp;<strong>le statut particulier des associations&nbsp;<\/strong>(sportives ou&nbsp;autres), dont la logique d&#8217;adh\u00e9sion \u00e0 un projet associatif se distingue d&#8217;un achat de prestation commerciale. En payant sa cotisation, chaque adh\u00e9rent contribue au projet&nbsp;citoyen de notre club, qui consiste avant tout \u00e0 offrir \u00e0 tous un acc\u00e8s facilit\u00e9&nbsp;\u00e0 l&#8217;apprentissage de la natation, pour une pratique de loisir ou de comp\u00e9tition, \u00e0 des tarifs bien inf\u00e9rieurs aux entreprises&nbsp;sp\u00e9cialis\u00e9es dans le sport. Notre&nbsp;objectif principal a toujours \u00e9t\u00e9 et reste&nbsp;de permettre au plus grand nombre de b\u00e9n\u00e9ficier de ces prestations, dans une ambiance&nbsp;amicale et bienveillante,&nbsp;en assurant la p\u00e9rennit\u00e9 de nos activit\u00e9s au-del\u00e0 de toutes les difficult\u00e9s rencontr\u00e9es. Il en va ainsi&nbsp;de la survie de l&#8217;association dans l&#8217;int\u00e9r\u00eat de tous.&nbsp;Rien n&#8217;oblige donc&nbsp;le club \u00e0 proc\u00e9der \u00e0 des compensations, financi\u00e8res ou autres,&nbsp;\u00e0 ses adh\u00e9rents.<\/p>\n\n\n\n<p>Toutefois, apr\u00e8s la pause estivale de 2020, nous avions espoir que la saison&nbsp;2020-2021 se d\u00e9roulerait dans un cadre plus serein. Force est de constater que ce n&#8217;est pas le cas\u2026 Nous sommes parfaitement&nbsp;conscients que, pour la 2\u00e8me ann\u00e9e cons\u00e9cutive, une tr\u00e8s grande&nbsp;partie de la saison ne pourra&nbsp;\u00eatre assur\u00e9e normalement. Et nous comprenons bien que ceci repr\u00e9sente un poids financier certain pour tous.<\/p>\n\n\n\n<p>Nous&nbsp;souhaitions donc vous r\u00e9affirmer que nous pensons s\u00e9rieusement \u00e0 des&nbsp;solutions d&#8217;indemnisation acceptables pour tous.&nbsp;Nous avons pris des mesures en ce sens,&nbsp;qui devraient permettre \u00e0 l&#8217;assocation de d\u00e9gager les fonds n\u00e9cessaires \u00e0 une politique de compensation.&nbsp;Le mode pr\u00e9cis de ces compensations est encore \u00e0 l&#8217;\u00e9tude, et sera communiqu\u00e9 \u00e0 tous nos adh\u00e9rents&nbsp;en temps voulu. N\u00e9anmoins, nous pouvons d&#8217;ores-et-d\u00e9j\u00e0 partager avec vous les principes suivants :<\/p>\n\n\n\n<ul><li>les modalit\u00e9s seront pr\u00e9cis\u00e9es en fin de saison uniquement (juin), en fonction&nbsp;de la situation financi\u00e8re de l&#8217;assocation \u00e0 cette date ;<\/li><li>les compensations n&#8217;auront pas lieu avant la reprise de la saison suivante (septembre) ;<\/li><li>nous ne pratiquerons pas le cas par cas ; il s&#8217;agira d&#8217;assurer&nbsp;une compensation&nbsp;\u00e9quitable pour tous, en fonction de l&#8217;impact relatif pour chaque population concern\u00e9e. Par exemple, il est \u00e9vident \u00e0 ce stade que les groupes&nbsp;adultes&nbsp;se&nbsp;verraient&nbsp;accorder&nbsp;des compensations sup\u00e9rieures aux groupes enfants.<br><\/li><li>les compensations seront forc\u00e9ment partielles, le club (comme toute structure sportive) ayant \u00e0 faire face \u00e0 une part non-n\u00e9gligeable de charges fixes in\u00e9vitables.<\/li><\/ul>\n\n\n\n<p>Par l\u00e0-m\u00eame, nous souhaitons souligner&nbsp;le principe essentiel de notre d\u00e9marche, bas\u00e9 sur&nbsp;l&#8217;\u00e9quit\u00e9 et l&#8217;universalit\u00e9 de cette mesure (esprit associatif oblige).<\/p>\n\n\n\n<p>Nous restons tourn\u00e9s vers l&#8217;avenir et esp\u00e9rons que nous serons tous en mesure de go\u00fbter \u00e0 nouveau&nbsp;aux joies de la pratique de nos activit\u00e9s aquatiques. Nous continuerons d&#8217;agir en ce sens dans les mois qui viennent, quelle que soit l&#8217;issue de la saison.<\/p>\n\n\n\n<p>Avec toutes nos pens\u00e9es sportives et amicales,<\/p>\n\n\n\n<p>L&#8217;\u00e9quipe du CYN<\/p>\n","protected":false},"excerpt":{"rendered":"<p>Chers adh\u00e9rents du CYN, Nous profitons des derni\u00e8res annonces du gouvernement&nbsp;pour partager quelques informations avec vous, 2 semaines apr\u00e8s&nbsp;le dernier&nbsp;coup d&#8217;arr\u00eat de nos activit\u00e9s. La situation ne change pas&nbsp;pour le monde sportif,&nbsp;et ne devrait pas \u00e9voluer non plus dans les &hellip;<\/p>\n","protected":false},"author":1,"featured_media":340325,"comment_status":"closed","ping_status":"open","sticky":false,"template":"","format":"standard","meta":{"advgb_blocks_editor_width":"","advgb_blocks_columns_visual_guide":""},"categories":[92],"tags":[],"author_meta":{"display_name":"Michael","author_link":"https:\/\/www.cyn91.fr\/index.php\/author\/mikchek91\/"},"featured_img":"https:\/\/www.cyn91.fr\/wp-content\/uploads\/2020\/03\/info_covid19-300x200.jpg","yoast_head":"<!-- This site is optimized with the Yoast SEO plugin v16.5 - https:\/\/yoast.com\/wordpress\/plugins\/seo\/ -->\n<title>Point sur la crise sanitaire - Club Yerrois de Natation<\/title>\n<meta name=\"robots\" content=\"index, follow, max-snippet:-1, max-image-preview:large, max-video-preview:-1\" \/>\n<link rel=\"canonical\" href=\"https:\/\/www.cyn91.fr\/index.php\/2021\/02\/01\/point-sur-la-crise-sanitaire\/\" \/>\n<meta property=\"og:locale\" content=\"fr_FR\" \/>\n<meta property=\"og:type\" content=\"article\" \/>\n<meta property=\"og:title\" content=\"Point sur la crise sanitaire - Club Yerrois de Natation\" \/>\n<meta property=\"og:description\" content=\"Chers adh\u00e9rents du CYN, Nous profitons des derni\u00e8res annonces du gouvernement&nbsp;pour partager quelques informations avec vous, 2 semaines apr\u00e8s&nbsp;le dernier&nbsp;coup d&#8217;arr\u00eat de nos activit\u00e9s. La situation ne change pas&nbsp;pour le monde sportif,&nbsp;et ne devrait pas \u00e9voluer non plus dans les &hellip;\" \/>\n<meta property=\"og:url\" content=\"https:\/\/www.cyn91.fr\/index.php\/2021\/02\/01\/point-sur-la-crise-sanitaire\/\" \/>\n<meta property=\"og:site_name\" content=\"Club Yerrois de Natation\" \/>\n<meta property=\"article:publisher\" content=\"https:\/\/www.facebook.com\/ClubYerroisNatation\" \/>\n<meta property=\"article:published_time\" content=\"2021-02-01T14:31:34+00:00\" \/>\n<meta property=\"article:modified_time\" content=\"2021-02-01T14:39:23+00:00\" \/>\n<meta property=\"og:image\" content=\"https:\/\/www.cyn91.fr\/wp-content\/uploads\/2020\/03\/info_covid19-scaled.jpg\" \/>\n\t<meta property=\"og:image:width\" content=\"2560\" \/>\n\t<meta property=\"og:image:height\" content=\"1704\" \/>\n<meta name=\"twitter:card\" content=\"summary_large_image\" \/>\n<meta name=\"twitter:label1\" content=\"Dur\u00e9e de lecture est.\" \/>\n\t<meta name=\"twitter:data1\" content=\"3 minutes\" \/>\n<script type=\"application\/ld+json\" class=\"yoast-schema-graph\">{\"@context\":\"https:\/\/schema.org\",\"@graph\":[{\"@type\":\"Organization\",\"@id\":\"https:\/\/www.cyn91.fr\/#organization\",\"name\":\"Club Yerrois de Natation\",\"url\":\"https:\/\/www.cyn91.fr\/\",\"sameAs\":[\"https:\/\/www.facebook.com\/ClubYerroisNatation\"],\"logo\":{\"@type\":\"ImageObject\",\"@id\":\"https:\/\/www.cyn91.fr\/#logo\",\"inLanguage\":\"fr-FR\",\"url\":\"https:\/\/www.cyn91.fr\/wp-content\/uploads\/Logos\/Logo-cyn_sans-texte_150x75.png\",\"contentUrl\":\"https:\/\/www.cyn91.fr\/wp-content\/uploads\/Logos\/Logo-cyn_sans-texte_150x75.png\",\"width\":150,\"height\":75,\"caption\":\"Club Yerrois de Natation\"},\"image\":{\"@id\":\"https:\/\/www.cyn91.fr\/#logo\"}},{\"@type\":\"WebSite\",\"@id\":\"https:\/\/www.cyn91.fr\/#website\",\"url\":\"https:\/\/www.cyn91.fr\/\",\"name\":\"Club Yerrois de Natation\",\"description\":\"Club Yerrois de Natation\",\"publisher\":{\"@id\":\"https:\/\/www.cyn91.fr\/#organization\"},\"potentialAction\":[{\"@type\":\"SearchAction\",\"target\":\"https:\/\/www.cyn91.fr\/?s={search_term_string}\",\"query-input\":\"required name=search_term_string\"}],\"inLanguage\":\"fr-FR\"},{\"@type\":\"ImageObject\",\"@id\":\"https:\/\/www.cyn91.fr\/index.php\/2021\/02\/01\/point-sur-la-crise-sanitaire\/#primaryimage\",\"inLanguage\":\"fr-FR\",\"url\":\"https:\/\/www.cyn91.fr\/wp-content\/uploads\/2020\/03\/info_covid19-scaled.jpg\",\"contentUrl\":\"https:\/\/www.cyn91.fr\/wp-content\/uploads\/2020\/03\/info_covid19-scaled.jpg\",\"width\":2560,\"height\":1704},{\"@type\":\"WebPage\",\"@id\":\"https:\/\/www.cyn91.fr\/index.php\/2021\/02\/01\/point-sur-la-crise-sanitaire\/#webpage\",\"url\":\"https:\/\/www.cyn91.fr\/index.php\/2021\/02\/01\/point-sur-la-crise-sanitaire\/\",\"name\":\"Point sur la crise sanitaire - Club Yerrois de Natation\",\"isPartOf\":{\"@id\":\"https:\/\/www.cyn91.fr\/#website\"},\"primaryImageOfPage\":{\"@id\":\"https:\/\/www.cyn91.fr\/index.php\/2021\/02\/01\/point-sur-la-crise-sanitaire\/#primaryimage\"},\"datePublished\":\"2021-02-01T14:31:34+00:00\",\"dateModified\":\"2021-02-01T14:39:23+00:00\",\"breadcrumb\":{\"@id\":\"https:\/\/www.cyn91.fr\/index.php\/2021\/02\/01\/point-sur-la-crise-sanitaire\/#breadcrumb\"},\"inLanguage\":\"fr-FR\",\"potentialAction\":[{\"@type\":\"ReadAction\",\"target\":[\"https:\/\/www.cyn91.fr\/index.php\/2021\/02\/01\/point-sur-la-crise-sanitaire\/\"]}]},{\"@type\":\"BreadcrumbList\",\"@id\":\"https:\/\/www.cyn91.fr\/index.php\/2021\/02\/01\/point-sur-la-crise-sanitaire\/#breadcrumb\",\"itemListElement\":[{\"@type\":\"ListItem\",\"position\":1,\"name\":\"Accueil\",\"item\":\"https:\/\/www.cyn91.fr\/\"},{\"@type\":\"ListItem\",\"position\":2,\"name\":\"Point sur la crise sanitaire\"}]},{\"@type\":\"Article\",\"@id\":\"https:\/\/www.cyn91.fr\/index.php\/2021\/02\/01\/point-sur-la-crise-sanitaire\/#article\",\"isPartOf\":{\"@id\":\"https:\/\/www.cyn91.fr\/index.php\/2021\/02\/01\/point-sur-la-crise-sanitaire\/#webpage\"},\"author\":{\"@id\":\"https:\/\/www.cyn91.fr\/#\/schema\/person\/c4bef6df1ddafa9cfd10fc1d9b0f7826\"},\"headline\":\"Point sur la crise sanitaire\",\"datePublished\":\"2021-02-01T14:31:34+00:00\",\"dateModified\":\"2021-02-01T14:39:23+00:00\",\"mainEntityOfPage\":{\"@id\":\"https:\/\/www.cyn91.fr\/index.php\/2021\/02\/01\/point-sur-la-crise-sanitaire\/#webpage\"},\"wordCount\":710,\"publisher\":{\"@id\":\"https:\/\/www.cyn91.fr\/#organization\"},\"image\":{\"@id\":\"https:\/\/www.cyn91.fr\/index.php\/2021\/02\/01\/point-sur-la-crise-sanitaire\/#primaryimage\"},\"thumbnailUrl\":\"https:\/\/www.cyn91.fr\/wp-content\/uploads\/2020\/03\/info_covid19-scaled.jpg\",\"articleSection\":[\"G\\u00e9n\\u00e9ral\"],\"inLanguage\":\"fr-FR\"},{\"@type\":\"Person\",\"@id\":\"https:\/\/www.cyn91.fr\/#\/schema\/person\/c4bef6df1ddafa9cfd10fc1d9b0f7826\",\"name\":\"Michael\",\"image\":{\"@type\":\"ImageObject\",\"@id\":\"https:\/\/www.cyn91.fr\/#personlogo\",\"inLanguage\":\"fr-FR\",\"url\":\"https:\/\/secure.gravatar.com\/avatar\/11a79518b2b2902399994a1ace10df32?s=96&d=mm&r=g\",\"contentUrl\":\"https:\/\/secure.gravatar.com\/avatar\/11a79518b2b2902399994a1ace10df32?s=96&d=mm&r=g\",\"caption\":\"Michael\"},\"url\":\"https:\/\/www.cyn91.fr\/index.php\/author\/mikchek91\/\"}]}<\/script>\n<!-- \/ Yoast SEO plugin. -->","coauthors":[],"tax_additional":{"categories":{"linked":["<a href=\"https:\/\/www.cyn91.fr\/index.php\/category\/general\/\" class=\"advgb-post-tax-term\">G\u00e9n\u00e9ral<\/a>"],"unlinked":["<span class=\"advgb-post-tax-term\">G\u00e9n\u00e9ral<\/span>"]}},"comment_count":"0","relative_dates":{"created":"Publi\u00e9 5 ans il y a","modified":"Mis \u00e0 jour 5 ans il y a"},"absolute_dates":{"created":"Publi\u00e9 le 1 f\u00e9vrier 2021","modified":"Mise \u00e0 jour le 1 f\u00e9vrier 2021"},"absolute_dates_time":{"created":"Publi\u00e9 le 1 f\u00e9vrier 2021 15 h 31 min","modified":"Mise \u00e0 jour le 1 f\u00e9vrier 2021 15 h 39 min"},"featured_img_caption":"","series_order":"","post_mailing_queue_ids":[],"_links":{"self":[{"href":"https:\/\/www.cyn91.fr\/index.php\/wp-json\/wp\/v2\/posts\/710883"}],"collection":[{"href":"https:\/\/www.cyn91.fr\/index.php\/wp-json\/wp\/v2\/posts"}],"about":[{"href":"https:\/\/www.cyn91.fr\/index.php\/wp-json\/wp\/v2\/types\/post"}],"author":[{"embeddable":true,"href":"https:\/\/www.cyn91.fr\/index.php\/wp-json\/wp\/v2\/users\/1"}],"replies":[{"embeddable":true,"href":"https:\/\/www.cyn91.fr\/index.php\/wp-json\/wp\/v2\/comments?post=710883"}],"version-history":[{"count":1,"href":"https:\/\/www.cyn91.fr\/index.php\/wp-json\/wp\/v2\/posts\/710883\/revisions"}],"predecessor-version":[{"id":710904,"href":"https:\/\/www.cyn91.fr\/index.php\/wp-json\/wp\/v2\/posts\/710883\/revisions\/710904"}],"wp:featuredmedia":[{"embeddable":true,"href":"https:\/\/www.cyn91.fr\/index.php\/wp-json\/wp\/v2\/media\/340325"}],"wp:attachment":[{"href":"https:\/\/www.cyn91.fr\/index.php\/wp-json\/wp\/v2\/media?parent=710883"}],"wp:term":[{"taxonomy":"category","embeddable":true,"href":"https:\/\/www.cyn91.fr\/index.php\/wp-json\/wp\/v2\/categories?post=710883"},{"taxonomy":"post_tag","embeddable":true,"href":"https:\/\/www.cyn91.fr\/index.php\/wp-json\/wp\/v2\/tags?post=710883"}],"curies":[{"name":"wp","href":"https:\/\/api.w.org\/{rel}","templated":true}]}}