{"id":876964,"date":"2021-09-17T21:17:26","date_gmt":"2021-09-17T19:17:26","guid":{"rendered":"https:\/\/www.cyn91.fr\/?p=876964"},"modified":"2021-09-17T21:17:28","modified_gmt":"2021-09-17T19:17:28","slug":"precisions-importantes-sur-les-mesures-sanitaires-en-vigueur","status":"publish","type":"post","link":"https:\/\/www.cyn91.fr\/index.php\/2021\/09\/17\/precisions-importantes-sur-les-mesures-sanitaires-en-vigueur\/","title":{"rendered":"Pr\u00e9cisions importantes sur les mesures sanitaires en vigueur"},"content":{"rendered":"\n<p>Alors que la saison 2021\/2022 d\u00e9bute&nbsp;cette semaine au CYN, et que la plupart d&#8217;entre vous s&#8217;appr\u00eate&nbsp;\u00e0 prendre le chemin des bassins d\u00e8s ce&nbsp;<strong>mercredi 15 septembre<\/strong>, nous souhaitions vous communiquer quelques informations importantes.<\/p>\n\n\n\n<p>Avant toute chose, nous voulions simplement souhaiter la bienvenue \u00e0 tous nos nouveaux adh\u00e9rents, et \u00e9galement remercier nos fid\u00e8les nageurs qui se sont r\u00e9inscrits cette ann\u00e9e, malgr\u00e9 les saisons pr\u00e9c\u00e9dentes perturb\u00e9es par le contexte sanitaire. Nous esp\u00e9rons que cette ann\u00e9e se d\u00e9roulera&nbsp;pour le mieux, ce que la tendance en ce d\u00e9but de saison semble&nbsp;confirmer !<\/p>\n\n\n\n<p>Cela dit, il convient de rester vigilant. Et pour maximiser les chances de continuer \u00e0 pratiquer nos activit\u00e9s sportives favorites tout au long de l&#8217;ann\u00e9e&nbsp;sans fragiliser notre association sportive,&nbsp;nous comptons sur chacun de vous pour respecter le&nbsp;protocole&nbsp;sanitaire&nbsp;en vigueur.<\/p>\n\n\n\n<p>Comme vous l&#8217;aurez sans doute constat\u00e9 suite aux nombreuses campagnes d&#8217;information dans les m\u00e9dias, le&nbsp;<strong>Pass Sanitaire<\/strong>&nbsp;est d\u00e9sormais indispensable pour acc\u00e9der \u00e0 de nombreux lieux publics, dont les \u00e9tablissements sportifs, y compris les piscines :<\/p>\n\n\n\n<ul><li>pour les&nbsp;<strong>personnes majeures<\/strong>, le Pass est demand\u00e9&nbsp;depuis le 21 juillet&nbsp;;<\/li><li>pour les&nbsp;<strong>mineurs de 12 \u00e0 17 ans<\/strong>, il deviendra obligatoire&nbsp;\u00e0 partir du 30 septembre<\/li><li>\u00e0 toutes fins utiles, nous rappelons que le Pass Sanitaire&nbsp;ne s&#8217;applique pas aux enfant de moins de 12 ans.<\/li><\/ul>\n\n\n\n<p>Dans ce contexte, le protocole sanitaire en vigueur au CYN \u00e0 partir de maintenant, et jusqu&#8217;au 15 novembre a minima, est le suivant :<\/p>\n\n\n\n<ol><li>Pour les adh\u00e9rents adultes d\u00e8s maintenant (et \u00e0 partir du 30 septembre&nbsp;pour les mineurs de 12 ans et +) :&nbsp;<strong><u>acc\u00e8s aux activit\u00e9s uniquement&nbsp;sur pr\u00e9sentation d&#8217;un Pass Sanitaire valide<\/u><\/strong>&nbsp;;<\/li><li>Le&nbsp;<strong>contr\u00f4le des Pass<\/strong>&nbsp;sera fait par les entra\u00eeneurs&nbsp;<strong><u>au bord du bassin<\/u><\/strong>&nbsp;; tout&nbsp;adh\u00e9rent n&#8217;ayant pas de Pass valide au moment du contr\u00f4le se verrait oblig\u00e9e de retourner au vestiaire et de quitter l&#8217;enceinte de la piscine.<\/li><li>A titre d&#8217;exception,&nbsp;<strong>l&#8217;acc\u00e8s aux vestiaires est autoris\u00e9 uniquement aux personnes accompagnant&nbsp;nos plus jeunes nageurs<\/strong>&nbsp;(enfants de 5 \u00e0 6 ans, \u00e0 raison d&#8217;une personne par enfant, avec un temps de pr\u00e9sence en int\u00e9rieur&nbsp;\u00e0 \u00e9courter au maximum) ; pour simplifier les choses, pensez \u00e0 bien pr\u00e9parer votre enfant \u00e0 l&#8217;avance, notamment en lui mettant son maillot de bain avant l&#8217;arriv\u00e9e \u00e0 la piscine.<\/li><li><strong>Respect des&nbsp;gestes barri\u00e8res&nbsp;habituels<\/strong>&nbsp;(port du masque, gel \u00e0 l&#8217;entr\u00e9e, distanciation&#8230;)&nbsp;<strong>pour tous<\/strong>&nbsp;dans l&#8217;enceinte de la piscine.&nbsp;Plus g\u00e9n\u00e9ralement,&nbsp;vous pouvez retrouver les consignes sanitaires qui persistent en ce d\u00e9but de saison sur notre site Internet :&nbsp;<a href=\"https:\/\/email.email-assoconnect.com\/c\/eJwVjsGOhiAMhJ9Gb5IWEfHAYS_7HlhqZCNowD_uvv3WpJl-zWSaiX4B53SfvAaNsKDBScCpJeJoDVhn0cBkqDPAOaRjCK2ddJbCdCs6c7_7bYYVeVoda97MFNFadm40MawzAer-8Pt9X60bvzr9LfM8j6K_sqDaqpypRP5V134JSwuQhfqVWSRz-1RuQwsl3SG9mFPjIQw_5-dN99WLp3IiRTvTwVWqbpVZnv8Das9C6w\" target=\"_blank\" rel=\"noreferrer noopener\">https:\/\/www.cyn91.fr\/index.php\/2020\/12\/17\/mesures-sanitaires-mise-a-jour\/<\/a><\/li><\/ol>\n\n\n\n<p>Nous esp\u00e9rons que nous trouverons tous rapidement nos marques dans ce nouveau cadre r\u00e9glementaire, et nous comptons sur votre coop\u00e9ration pour garantir le meilleur d\u00e9roulement possible de nos activit\u00e9s.<\/p>\n\n\n\n<p>Tr\u00e8s bon d\u00e9but de saison \u00e0 tous, et \u00e0 bient\u00f4t au bord du bassin !<\/p>\n\n\n\n<p>L&#8217;\u00e9quipe du CYN<\/p>\n","protected":false},"excerpt":{"rendered":"<p>Alors que la saison 2021\/2022 d\u00e9bute&nbsp;cette semaine au CYN, et que la plupart d&#8217;entre vous s&#8217;appr\u00eate&nbsp;\u00e0 prendre le chemin des bassins d\u00e8s ce&nbsp;mercredi 15 septembre, nous souhaitions vous communiquer quelques informations importantes. Avant toute chose, nous voulions simplement souhaiter la &hellip;<\/p>\n","protected":false},"author":1,"featured_media":636237,"comment_status":"closed","ping_status":"open","sticky":false,"template":"","format":"standard","meta":{"advgb_blocks_editor_width":"","advgb_blocks_columns_visual_guide":""},"categories":[92,30],"tags":[],"author_meta":{"display_name":"Michael","author_link":"https:\/\/www.cyn91.fr\/index.php\/author\/mikchek91\/"},"featured_img":"https:\/\/www.cyn91.fr\/wp-content\/uploads\/2020\/11\/202001-Stage-Noel_92-300x200.jpg","yoast_head":"<!-- This site is optimized with the Yoast SEO plugin v16.5 - https:\/\/yoast.com\/wordpress\/plugins\/seo\/ -->\n<title>Pr\u00e9cisions importantes sur les mesures sanitaires en vigueur - Club Yerrois de Natation<\/title>\n<meta name=\"robots\" content=\"index, follow, max-snippet:-1, max-image-preview:large, max-video-preview:-1\" \/>\n<link rel=\"canonical\" href=\"https:\/\/www.cyn91.fr\/index.php\/2021\/09\/17\/precisions-importantes-sur-les-mesures-sanitaires-en-vigueur\/\" \/>\n<meta property=\"og:locale\" content=\"fr_FR\" \/>\n<meta property=\"og:type\" content=\"article\" \/>\n<meta property=\"og:title\" content=\"Pr\u00e9cisions importantes sur les mesures sanitaires en vigueur - Club Yerrois de Natation\" \/>\n<meta property=\"og:description\" content=\"Alors que la saison 2021\/2022 d\u00e9bute&nbsp;cette semaine au CYN, et que la plupart d&#8217;entre vous s&#8217;appr\u00eate&nbsp;\u00e0 prendre le chemin des bassins d\u00e8s ce&nbsp;mercredi 15 septembre, nous souhaitions vous communiquer quelques informations importantes. Avant toute chose, nous voulions simplement souhaiter la &hellip;\" \/>\n<meta property=\"og:url\" content=\"https:\/\/www.cyn91.fr\/index.php\/2021\/09\/17\/precisions-importantes-sur-les-mesures-sanitaires-en-vigueur\/\" \/>\n<meta property=\"og:site_name\" content=\"Club Yerrois de Natation\" \/>\n<meta property=\"article:publisher\" content=\"https:\/\/www.facebook.com\/ClubYerroisNatation\" \/>\n<meta property=\"article:published_time\" content=\"2021-09-17T19:17:26+00:00\" \/>\n<meta property=\"article:modified_time\" content=\"2021-09-17T19:17:28+00:00\" \/>\n<meta property=\"og:image\" content=\"https:\/\/www.cyn91.fr\/wp-content\/uploads\/2020\/11\/202001-Stage-Noel_92-scaled.jpg\" \/>\n\t<meta property=\"og:image:width\" content=\"2560\" \/>\n\t<meta property=\"og:image:height\" content=\"1704\" \/>\n<meta name=\"twitter:card\" content=\"summary_large_image\" \/>\n<meta name=\"twitter:label1\" content=\"Dur\u00e9e de lecture est.\" \/>\n\t<meta name=\"twitter:data1\" content=\"2 minutes\" \/>\n<script type=\"application\/ld+json\" class=\"yoast-schema-graph\">{\"@context\":\"https:\/\/schema.org\",\"@graph\":[{\"@type\":\"Organization\",\"@id\":\"https:\/\/www.cyn91.fr\/#organization\",\"name\":\"Club Yerrois de Natation\",\"url\":\"https:\/\/www.cyn91.fr\/\",\"sameAs\":[\"https:\/\/www.facebook.com\/ClubYerroisNatation\"],\"logo\":{\"@type\":\"ImageObject\",\"@id\":\"https:\/\/www.cyn91.fr\/#logo\",\"inLanguage\":\"fr-FR\",\"url\":\"https:\/\/www.cyn91.fr\/wp-content\/uploads\/Logos\/Logo-cyn_sans-texte_150x75.png\",\"contentUrl\":\"https:\/\/www.cyn91.fr\/wp-content\/uploads\/Logos\/Logo-cyn_sans-texte_150x75.png\",\"width\":150,\"height\":75,\"caption\":\"Club Yerrois de Natation\"},\"image\":{\"@id\":\"https:\/\/www.cyn91.fr\/#logo\"}},{\"@type\":\"WebSite\",\"@id\":\"https:\/\/www.cyn91.fr\/#website\",\"url\":\"https:\/\/www.cyn91.fr\/\",\"name\":\"Club Yerrois de Natation\",\"description\":\"Club Yerrois de Natation\",\"publisher\":{\"@id\":\"https:\/\/www.cyn91.fr\/#organization\"},\"potentialAction\":[{\"@type\":\"SearchAction\",\"target\":\"https:\/\/www.cyn91.fr\/?s={search_term_string}\",\"query-input\":\"required name=search_term_string\"}],\"inLanguage\":\"fr-FR\"},{\"@type\":\"ImageObject\",\"@id\":\"https:\/\/www.cyn91.fr\/index.php\/2021\/09\/17\/precisions-importantes-sur-les-mesures-sanitaires-en-vigueur\/#primaryimage\",\"inLanguage\":\"fr-FR\",\"url\":\"https:\/\/www.cyn91.fr\/wp-content\/uploads\/2020\/11\/202001-Stage-Noel_92-scaled.jpg\",\"contentUrl\":\"https:\/\/www.cyn91.fr\/wp-content\/uploads\/2020\/11\/202001-Stage-Noel_92-scaled.jpg\",\"width\":2560,\"height\":1704},{\"@type\":\"WebPage\",\"@id\":\"https:\/\/www.cyn91.fr\/index.php\/2021\/09\/17\/precisions-importantes-sur-les-mesures-sanitaires-en-vigueur\/#webpage\",\"url\":\"https:\/\/www.cyn91.fr\/index.php\/2021\/09\/17\/precisions-importantes-sur-les-mesures-sanitaires-en-vigueur\/\",\"name\":\"Pr\\u00e9cisions importantes sur les mesures sanitaires en vigueur - Club Yerrois de Natation\",\"isPartOf\":{\"@id\":\"https:\/\/www.cyn91.fr\/#website\"},\"primaryImageOfPage\":{\"@id\":\"https:\/\/www.cyn91.fr\/index.php\/2021\/09\/17\/precisions-importantes-sur-les-mesures-sanitaires-en-vigueur\/#primaryimage\"},\"datePublished\":\"2021-09-17T19:17:26+00:00\",\"dateModified\":\"2021-09-17T19:17:28+00:00\",\"breadcrumb\":{\"@id\":\"https:\/\/www.cyn91.fr\/index.php\/2021\/09\/17\/precisions-importantes-sur-les-mesures-sanitaires-en-vigueur\/#breadcrumb\"},\"inLanguage\":\"fr-FR\",\"potentialAction\":[{\"@type\":\"ReadAction\",\"target\":[\"https:\/\/www.cyn91.fr\/index.php\/2021\/09\/17\/precisions-importantes-sur-les-mesures-sanitaires-en-vigueur\/\"]}]},{\"@type\":\"BreadcrumbList\",\"@id\":\"https:\/\/www.cyn91.fr\/index.php\/2021\/09\/17\/precisions-importantes-sur-les-mesures-sanitaires-en-vigueur\/#breadcrumb\",\"itemListElement\":[{\"@type\":\"ListItem\",\"position\":1,\"name\":\"Accueil\",\"item\":\"https:\/\/www.cyn91.fr\/\"},{\"@type\":\"ListItem\",\"position\":2,\"name\":\"Pr\\u00e9cisions importantes sur les mesures sanitaires en vigueur\"}]},{\"@type\":\"Article\",\"@id\":\"https:\/\/www.cyn91.fr\/index.php\/2021\/09\/17\/precisions-importantes-sur-les-mesures-sanitaires-en-vigueur\/#article\",\"isPartOf\":{\"@id\":\"https:\/\/www.cyn91.fr\/index.php\/2021\/09\/17\/precisions-importantes-sur-les-mesures-sanitaires-en-vigueur\/#webpage\"},\"author\":{\"@id\":\"https:\/\/www.cyn91.fr\/#\/schema\/person\/c4bef6df1ddafa9cfd10fc1d9b0f7826\"},\"headline\":\"Pr\\u00e9cisions importantes sur les mesures sanitaires en vigueur\",\"datePublished\":\"2021-09-17T19:17:26+00:00\",\"dateModified\":\"2021-09-17T19:17:28+00:00\",\"mainEntityOfPage\":{\"@id\":\"https:\/\/www.cyn91.fr\/index.php\/2021\/09\/17\/precisions-importantes-sur-les-mesures-sanitaires-en-vigueur\/#webpage\"},\"wordCount\":528,\"publisher\":{\"@id\":\"https:\/\/www.cyn91.fr\/#organization\"},\"image\":{\"@id\":\"https:\/\/www.cyn91.fr\/index.php\/2021\/09\/17\/precisions-importantes-sur-les-mesures-sanitaires-en-vigueur\/#primaryimage\"},\"thumbnailUrl\":\"https:\/\/www.cyn91.fr\/wp-content\/uploads\/2020\/11\/202001-Stage-Noel_92-scaled.jpg\",\"articleSection\":[\"G\\u00e9n\\u00e9ral\",\"Saison sportive\"],\"inLanguage\":\"fr-FR\"},{\"@type\":\"Person\",\"@id\":\"https:\/\/www.cyn91.fr\/#\/schema\/person\/c4bef6df1ddafa9cfd10fc1d9b0f7826\",\"name\":\"Michael\",\"image\":{\"@type\":\"ImageObject\",\"@id\":\"https:\/\/www.cyn91.fr\/#personlogo\",\"inLanguage\":\"fr-FR\",\"url\":\"https:\/\/secure.gravatar.com\/avatar\/11a79518b2b2902399994a1ace10df32?s=96&d=mm&r=g\",\"contentUrl\":\"https:\/\/secure.gravatar.com\/avatar\/11a79518b2b2902399994a1ace10df32?s=96&d=mm&r=g\",\"caption\":\"Michael\"},\"url\":\"https:\/\/www.cyn91.fr\/index.php\/author\/mikchek91\/\"}]}<\/script>\n<!-- \/ Yoast SEO plugin. -->","coauthors":[],"tax_additional":{"categories":{"linked":["<a href=\"https:\/\/www.cyn91.fr\/index.php\/category\/general\/\" class=\"advgb-post-tax-term\">G\u00e9n\u00e9ral<\/a>","<a href=\"https:\/\/www.cyn91.fr\/index.php\/category\/saison\/\" class=\"advgb-post-tax-term\">Saison sportive<\/a>"],"unlinked":["<span class=\"advgb-post-tax-term\">G\u00e9n\u00e9ral<\/span>","<span class=\"advgb-post-tax-term\">Saison sportive<\/span>"]}},"comment_count":"0","relative_dates":{"created":"Publi\u00e9 5 ans il y a","modified":"Mis \u00e0 jour 5 ans il y a"},"absolute_dates":{"created":"Publi\u00e9 le 17 septembre 2021","modified":"Mise \u00e0 jour le 17 septembre 2021"},"absolute_dates_time":{"created":"Publi\u00e9 le 17 septembre 2021 21 h 17 min","modified":"Mise \u00e0 jour le 17 septembre 2021 21 h 17 min"},"featured_img_caption":"","series_order":"","post_mailing_queue_ids":[],"_links":{"self":[{"href":"https:\/\/www.cyn91.fr\/index.php\/wp-json\/wp\/v2\/posts\/876964"}],"collection":[{"href":"https:\/\/www.cyn91.fr\/index.php\/wp-json\/wp\/v2\/posts"}],"about":[{"href":"https:\/\/www.cyn91.fr\/index.php\/wp-json\/wp\/v2\/types\/post"}],"author":[{"embeddable":true,"href":"https:\/\/www.cyn91.fr\/index.php\/wp-json\/wp\/v2\/users\/1"}],"replies":[{"embeddable":true,"href":"https:\/\/www.cyn91.fr\/index.php\/wp-json\/wp\/v2\/comments?post=876964"}],"version-history":[{"count":1,"href":"https:\/\/www.cyn91.fr\/index.php\/wp-json\/wp\/v2\/posts\/876964\/revisions"}],"predecessor-version":[{"id":876965,"href":"https:\/\/www.cyn91.fr\/index.php\/wp-json\/wp\/v2\/posts\/876964\/revisions\/876965"}],"wp:featuredmedia":[{"embeddable":true,"href":"https:\/\/www.cyn91.fr\/index.php\/wp-json\/wp\/v2\/media\/636237"}],"wp:attachment":[{"href":"https:\/\/www.cyn91.fr\/index.php\/wp-json\/wp\/v2\/media?parent=876964"}],"wp:term":[{"taxonomy":"category","embeddable":true,"href":"https:\/\/www.cyn91.fr\/index.php\/wp-json\/wp\/v2\/categories?post=876964"},{"taxonomy":"post_tag","embeddable":true,"href":"https:\/\/www.cyn91.fr\/index.php\/wp-json\/wp\/v2\/tags?post=876964"}],"curies":[{"name":"wp","href":"https:\/\/api.w.org\/{rel}","templated":true}]}}