{"id":876967,"date":"2021-09-29T18:35:18","date_gmt":"2021-09-29T16:35:18","guid":{"rendered":"https:\/\/www.cyn91.fr\/?p=876967"},"modified":"2021-09-29T18:35:21","modified_gmt":"2021-09-29T16:35:21","slug":"assemblee-generale-2021","status":"publish","type":"post","link":"https:\/\/www.cyn91.fr\/index.php\/2021\/09\/29\/assemblee-generale-2021\/","title":{"rendered":"Assemblee generale 2021"},"content":{"rendered":"\n<p>Madame, Monsieur,<\/p>\n\n\n\n<p class=\"has-central-palette-1-color has-text-color\">Nous vous convions \u00e0 l&#8217;<strong>assembl\u00e9e g\u00e9n\u00e9rale ordinaire du CLUB YERROIS DE NATATION<\/strong>, le\u00a0<strong><span class=\"has-inline-color has-central-palette-3-color\">vendredi 8\u00a0octobre 2020\u00a0de\u00a020h30 \u00e0 22h<\/span><\/strong>, \u00e0 la\u00a0<strong>salle Saint-Exup\u00e9ry, 7 rue de l&#8217;Eglise \u00e0 Yerres<\/strong>.<\/p>\n\n\n\n<p>Vous trouverez ci-joint la convocation avec l&#8217;ordre du jour et une procuration pour vous faire repr\u00e9senter par une autre personne en cas d&#8217;absence.<\/p>\n\n\n\n<p>L\u2019Assembl\u00e9e G\u00e9n\u00e9rale est un&nbsp;moment important&nbsp;dans la vie de notre association, ouvert&nbsp;\u00e0 tous les adh\u00e9rents qui souhaitent en apprendre plus sur son fonctionnement. C&#8217;est aussi un&nbsp;<strong>moment d&#8217;\u00e9change<\/strong>, une occasion privil\u00e9gi\u00e9e de faire connaissance avec les membres du bureau, de nous faire part de vos id\u00e9es ou commentaires,&nbsp;et m\u00eame&nbsp;de&nbsp;<strong>rejoindre cette \u00e9quipe d\u00e9vou\u00e9e<\/strong>&nbsp;qui anime la vie du club, pour vous et vos enfants.<\/p>\n\n\n\n<p>Nous insistons sur le fait que\u00a0<strong>votre participation est tr\u00e8s importante<\/strong>\u00a0: en tant qu&#8217;association, nous nous devons d&#8217;avoir une repr\u00e9sentation suffisante de nos adh\u00e9rents, afin d&#8217;assurer le\u00a0<em>quorum<\/em>\u00a0et de valider les d\u00e9cisions prises lors de l&#8217;Assembl\u00e9e G\u00e9n\u00e9rale.<br>Aussi, si vous ne pouvez vous joindre \u00e0 nous ce jour-l\u00e0, nous vous rappelons que vous pouvez n\u00e9anmoins nous aider et participer\u00a0<strong>en transmettant simplement la procuration suivante:<\/strong><\/p>\n\n\n\n<div class=\"wp-block-file aligncenter\"><a href=\"https:\/\/www.cyn91.fr\/wp-content\/uploads\/2021\/09\/ConvocationAG_2021.pdf\">ConvocationAG_2021<\/a><a href=\"https:\/\/www.cyn91.fr\/wp-content\/uploads\/2021\/09\/ConvocationAG_2021.pdf\" class=\"wp-block-file__button\" download>T\u00e9l\u00e9charger<\/a><\/div>\n\n\n\n<p><\/p>\n\n\n\n<p>Nous insistons sur le fait que\u00a0<strong>chaque procuration est importante<\/strong>\u00a0: la compl\u00e9ter ne vous prendra qu&#8217;une minute, et vous pourrez la d\u00e9poser lors de votre prochain passage \u00e0 la piscine,\u00a0<strong>dans la bo\u00eete aux lettres du CYN\u00a0<\/strong>situ\u00e9e tout de suite \u00e0 gauche en entrant. Sur cette procuration, sachez que vous pouvez indiquer le nom de l&#8217;un des <a href=\"https:\/\/www.cyn91.fr\/index.php\/bureau\/\">membres du bureau du CYN<\/a> qui vous repr\u00e9sentera.<\/p>\n\n\n\n<p><\/p>\n\n\n\n<p>Enfin, pour celles et ceux d&#8217;entre vous&nbsp;qui souhaitent \u00eatre pr\u00e9sents&nbsp;\u00e0&nbsp;cet \u00e9v\u00e9nement,&nbsp;nous&nbsp;rappelons si n\u00e9cessaire que&nbsp;le port du&nbsp;masque sera&nbsp;obligatoire.<\/p>\n\n\n\n<p>Nous comptons sur votre participation \u00e0 ce moment important, et esp\u00e9rons \u00e9changer avec vous de vive voix le 8 octobre prochain !<\/p>\n\n\n\n<p>L&#8217;\u00e9quipe du CYN<\/p>\n","protected":false},"excerpt":{"rendered":"<p>Madame, Monsieur, Nous vous convions \u00e0 l&#8217;assembl\u00e9e g\u00e9n\u00e9rale ordinaire du CLUB YERROIS DE NATATION, le\u00a0vendredi 8\u00a0octobre 2020\u00a0de\u00a020h30 \u00e0 22h, \u00e0 la\u00a0salle Saint-Exup\u00e9ry, 7 rue de l&#8217;Eglise \u00e0 Yerres. Vous trouverez ci-joint la convocation avec l&#8217;ordre du jour et une procuration &hellip;<\/p>\n","protected":false},"author":1,"featured_media":595047,"comment_status":"closed","ping_status":"open","sticky":false,"template":"","format":"standard","meta":{"advgb_blocks_editor_width":"","advgb_blocks_columns_visual_guide":""},"categories":[92,32],"tags":[],"author_meta":{"display_name":"Michael","author_link":"https:\/\/www.cyn91.fr\/index.php\/author\/mikchek91\/"},"featured_img":"https:\/\/www.cyn91.fr\/wp-content\/uploads\/2020\/09\/assemble_generale-300x100.jpg","yoast_head":"<!-- This site is optimized with the Yoast SEO plugin v16.5 - https:\/\/yoast.com\/wordpress\/plugins\/seo\/ -->\n<title>Assemblee generale 2021 - Club Yerrois de Natation<\/title>\n<meta name=\"robots\" content=\"index, follow, max-snippet:-1, max-image-preview:large, max-video-preview:-1\" \/>\n<link rel=\"canonical\" href=\"https:\/\/www.cyn91.fr\/index.php\/2021\/09\/29\/assemblee-generale-2021\/\" \/>\n<meta property=\"og:locale\" content=\"fr_FR\" \/>\n<meta property=\"og:type\" content=\"article\" \/>\n<meta property=\"og:title\" content=\"Assemblee generale 2021 - Club Yerrois de Natation\" \/>\n<meta property=\"og:description\" content=\"Madame, Monsieur, Nous vous convions \u00e0 l&#8217;assembl\u00e9e g\u00e9n\u00e9rale ordinaire du CLUB YERROIS DE NATATION, le\u00a0vendredi 8\u00a0octobre 2020\u00a0de\u00a020h30 \u00e0 22h, \u00e0 la\u00a0salle Saint-Exup\u00e9ry, 7 rue de l&#8217;Eglise \u00e0 Yerres. Vous trouverez ci-joint la convocation avec l&#8217;ordre du jour et une procuration &hellip;\" \/>\n<meta property=\"og:url\" content=\"https:\/\/www.cyn91.fr\/index.php\/2021\/09\/29\/assemblee-generale-2021\/\" \/>\n<meta property=\"og:site_name\" content=\"Club Yerrois de Natation\" \/>\n<meta property=\"article:publisher\" content=\"https:\/\/www.facebook.com\/ClubYerroisNatation\" \/>\n<meta property=\"article:published_time\" content=\"2021-09-29T16:35:18+00:00\" \/>\n<meta property=\"article:modified_time\" content=\"2021-09-29T16:35:21+00:00\" \/>\n<meta property=\"og:image\" content=\"https:\/\/www.cyn91.fr\/wp-content\/uploads\/2020\/09\/assemble_generale.jpg\" \/>\n\t<meta property=\"og:image:width\" content=\"2280\" \/>\n\t<meta property=\"og:image:height\" content=\"760\" \/>\n<meta name=\"twitter:card\" content=\"summary_large_image\" \/>\n<meta name=\"twitter:label1\" content=\"Dur\u00e9e de lecture est.\" \/>\n\t<meta name=\"twitter:data1\" content=\"2 minutes\" \/>\n<script type=\"application\/ld+json\" class=\"yoast-schema-graph\">{\"@context\":\"https:\/\/schema.org\",\"@graph\":[{\"@type\":\"Organization\",\"@id\":\"https:\/\/www.cyn91.fr\/#organization\",\"name\":\"Club Yerrois de Natation\",\"url\":\"https:\/\/www.cyn91.fr\/\",\"sameAs\":[\"https:\/\/www.facebook.com\/ClubYerroisNatation\"],\"logo\":{\"@type\":\"ImageObject\",\"@id\":\"https:\/\/www.cyn91.fr\/#logo\",\"inLanguage\":\"fr-FR\",\"url\":\"https:\/\/www.cyn91.fr\/wp-content\/uploads\/Logos\/Logo-cyn_sans-texte_150x75.png\",\"contentUrl\":\"https:\/\/www.cyn91.fr\/wp-content\/uploads\/Logos\/Logo-cyn_sans-texte_150x75.png\",\"width\":150,\"height\":75,\"caption\":\"Club Yerrois de Natation\"},\"image\":{\"@id\":\"https:\/\/www.cyn91.fr\/#logo\"}},{\"@type\":\"WebSite\",\"@id\":\"https:\/\/www.cyn91.fr\/#website\",\"url\":\"https:\/\/www.cyn91.fr\/\",\"name\":\"Club Yerrois de Natation\",\"description\":\"Club Yerrois de Natation\",\"publisher\":{\"@id\":\"https:\/\/www.cyn91.fr\/#organization\"},\"potentialAction\":[{\"@type\":\"SearchAction\",\"target\":\"https:\/\/www.cyn91.fr\/?s={search_term_string}\",\"query-input\":\"required name=search_term_string\"}],\"inLanguage\":\"fr-FR\"},{\"@type\":\"ImageObject\",\"@id\":\"https:\/\/www.cyn91.fr\/index.php\/2021\/09\/29\/assemblee-generale-2021\/#primaryimage\",\"inLanguage\":\"fr-FR\",\"url\":\"https:\/\/www.cyn91.fr\/wp-content\/uploads\/2020\/09\/assemble_generale.jpg\",\"contentUrl\":\"https:\/\/www.cyn91.fr\/wp-content\/uploads\/2020\/09\/assemble_generale.jpg\",\"width\":2280,\"height\":760},{\"@type\":\"WebPage\",\"@id\":\"https:\/\/www.cyn91.fr\/index.php\/2021\/09\/29\/assemblee-generale-2021\/#webpage\",\"url\":\"https:\/\/www.cyn91.fr\/index.php\/2021\/09\/29\/assemblee-generale-2021\/\",\"name\":\"Assemblee generale 2021 - Club Yerrois de Natation\",\"isPartOf\":{\"@id\":\"https:\/\/www.cyn91.fr\/#website\"},\"primaryImageOfPage\":{\"@id\":\"https:\/\/www.cyn91.fr\/index.php\/2021\/09\/29\/assemblee-generale-2021\/#primaryimage\"},\"datePublished\":\"2021-09-29T16:35:18+00:00\",\"dateModified\":\"2021-09-29T16:35:21+00:00\",\"breadcrumb\":{\"@id\":\"https:\/\/www.cyn91.fr\/index.php\/2021\/09\/29\/assemblee-generale-2021\/#breadcrumb\"},\"inLanguage\":\"fr-FR\",\"potentialAction\":[{\"@type\":\"ReadAction\",\"target\":[\"https:\/\/www.cyn91.fr\/index.php\/2021\/09\/29\/assemblee-generale-2021\/\"]}]},{\"@type\":\"BreadcrumbList\",\"@id\":\"https:\/\/www.cyn91.fr\/index.php\/2021\/09\/29\/assemblee-generale-2021\/#breadcrumb\",\"itemListElement\":[{\"@type\":\"ListItem\",\"position\":1,\"name\":\"Accueil\",\"item\":\"https:\/\/www.cyn91.fr\/\"},{\"@type\":\"ListItem\",\"position\":2,\"name\":\"Assemblee generale 2021\"}]},{\"@type\":\"Article\",\"@id\":\"https:\/\/www.cyn91.fr\/index.php\/2021\/09\/29\/assemblee-generale-2021\/#article\",\"isPartOf\":{\"@id\":\"https:\/\/www.cyn91.fr\/index.php\/2021\/09\/29\/assemblee-generale-2021\/#webpage\"},\"author\":{\"@id\":\"https:\/\/www.cyn91.fr\/#\/schema\/person\/c4bef6df1ddafa9cfd10fc1d9b0f7826\"},\"headline\":\"Assemblee generale 2021\",\"datePublished\":\"2021-09-29T16:35:18+00:00\",\"dateModified\":\"2021-09-29T16:35:21+00:00\",\"mainEntityOfPage\":{\"@id\":\"https:\/\/www.cyn91.fr\/index.php\/2021\/09\/29\/assemblee-generale-2021\/#webpage\"},\"wordCount\":348,\"publisher\":{\"@id\":\"https:\/\/www.cyn91.fr\/#organization\"},\"image\":{\"@id\":\"https:\/\/www.cyn91.fr\/index.php\/2021\/09\/29\/assemblee-generale-2021\/#primaryimage\"},\"thumbnailUrl\":\"https:\/\/www.cyn91.fr\/wp-content\/uploads\/2020\/09\/assemble_generale.jpg\",\"articleSection\":[\"G\\u00e9n\\u00e9ral\",\"Bureau du club\"],\"inLanguage\":\"fr-FR\"},{\"@type\":\"Person\",\"@id\":\"https:\/\/www.cyn91.fr\/#\/schema\/person\/c4bef6df1ddafa9cfd10fc1d9b0f7826\",\"name\":\"Michael\",\"image\":{\"@type\":\"ImageObject\",\"@id\":\"https:\/\/www.cyn91.fr\/#personlogo\",\"inLanguage\":\"fr-FR\",\"url\":\"https:\/\/secure.gravatar.com\/avatar\/11a79518b2b2902399994a1ace10df32?s=96&d=mm&r=g\",\"contentUrl\":\"https:\/\/secure.gravatar.com\/avatar\/11a79518b2b2902399994a1ace10df32?s=96&d=mm&r=g\",\"caption\":\"Michael\"},\"url\":\"https:\/\/www.cyn91.fr\/index.php\/author\/mikchek91\/\"}]}<\/script>\n<!-- \/ Yoast SEO plugin. -->","coauthors":[],"tax_additional":{"categories":{"linked":["<a href=\"https:\/\/www.cyn91.fr\/index.php\/category\/general\/\" class=\"advgb-post-tax-term\">G\u00e9n\u00e9ral<\/a>","<a href=\"https:\/\/www.cyn91.fr\/index.php\/category\/bureau\/\" class=\"advgb-post-tax-term\">Bureau du club<\/a>"],"unlinked":["<span class=\"advgb-post-tax-term\">G\u00e9n\u00e9ral<\/span>","<span class=\"advgb-post-tax-term\">Bureau du club<\/span>"]}},"comment_count":"0","relative_dates":{"created":"Publi\u00e9 5 ans il y a","modified":"Mis \u00e0 jour 5 ans il y a"},"absolute_dates":{"created":"Publi\u00e9 le 29 septembre 2021","modified":"Mise \u00e0 jour le 29 septembre 2021"},"absolute_dates_time":{"created":"Publi\u00e9 le 29 septembre 2021 18 h 35 min","modified":"Mise \u00e0 jour le 29 septembre 2021 18 h 35 min"},"featured_img_caption":"","series_order":"","post_mailing_queue_ids":[],"_links":{"self":[{"href":"https:\/\/www.cyn91.fr\/index.php\/wp-json\/wp\/v2\/posts\/876967"}],"collection":[{"href":"https:\/\/www.cyn91.fr\/index.php\/wp-json\/wp\/v2\/posts"}],"about":[{"href":"https:\/\/www.cyn91.fr\/index.php\/wp-json\/wp\/v2\/types\/post"}],"author":[{"embeddable":true,"href":"https:\/\/www.cyn91.fr\/index.php\/wp-json\/wp\/v2\/users\/1"}],"replies":[{"embeddable":true,"href":"https:\/\/www.cyn91.fr\/index.php\/wp-json\/wp\/v2\/comments?post=876967"}],"version-history":[{"count":1,"href":"https:\/\/www.cyn91.fr\/index.php\/wp-json\/wp\/v2\/posts\/876967\/revisions"}],"predecessor-version":[{"id":876969,"href":"https:\/\/www.cyn91.fr\/index.php\/wp-json\/wp\/v2\/posts\/876967\/revisions\/876969"}],"wp:featuredmedia":[{"embeddable":true,"href":"https:\/\/www.cyn91.fr\/index.php\/wp-json\/wp\/v2\/media\/595047"}],"wp:attachment":[{"href":"https:\/\/www.cyn91.fr\/index.php\/wp-json\/wp\/v2\/media?parent=876967"}],"wp:term":[{"taxonomy":"category","embeddable":true,"href":"https:\/\/www.cyn91.fr\/index.php\/wp-json\/wp\/v2\/categories?post=876967"},{"taxonomy":"post_tag","embeddable":true,"href":"https:\/\/www.cyn91.fr\/index.php\/wp-json\/wp\/v2\/tags?post=876967"}],"curies":[{"name":"wp","href":"https:\/\/api.w.org\/{rel}","templated":true}]}}