{"id":878852,"date":"2025-06-10T17:36:30","date_gmt":"2025-06-10T15:36:30","guid":{"rendered":"https:\/\/www.cyn91.fr\/?p=878852"},"modified":"2025-07-01T16:05:45","modified_gmt":"2025-07-01T14:05:45","slug":"inscriptions-2025-2026","status":"publish","type":"post","link":"https:\/\/www.cyn91.fr\/index.php\/2025\/06\/10\/inscriptions-2025-2026\/","title":{"rendered":"Inscriptions 2025\/2026"},"content":{"rendered":"\n<h4><p><strong>Campagne des r\u00e9inscriptions \/ inscriptions au CYN<\/strong><\/p><\/h4>\n\n\n\n<p><strong>Permanences \u00e0 la piscine pour les r\u00e9inscriptions uniquement<\/strong><\/p>\n\n\n\n<ul><li>Samedi 14 juin : 10h \/ 13h \u2014 15h \/ 18h<\/li><li>Mercredi 18 juin : 10h \/ 13h \u2014 15h \/ 18h<\/li><\/ul>\n\n\n\n<p><strong>Permanences \u00e0 la piscine pour les r\u00e9inscriptions \/ Nouvelles inscriptions<\/strong><\/p>\n\n\n\n<ul><li>Samedi 21 juin : 10h \/ 13h \u2014 15h \/ 18h<\/li><li>Mercredi 25 juin : 10h \/ 13h \u2014 15h \/ 18h<\/li><li>Samedi 28 juin : 10h \/ 13h \u2014 15h \/ 18h<\/li><\/ul>\n\n\n\n<ul><li>Samedi 5 juillet : 10h \/ 18h sans coupure du midi !<\/li><\/ul>\n\n\n\n<ul><li>Samedi 6 septembre : Forum des Associations<\/li><li>Mercredi 10 septembre :10h \/ 13h \u2014 15h \/ 18h<\/li><li>Samedi 13 septembre : 10h \/ 13h \u2014 15h \/ 18h<\/li><\/ul>\n\n\n\n<p><strong>Reprise des activit\u00e9s<\/strong> : Lundi 15 septembre 2025&nbsp;<\/p>\n\n\n\n<p>Afin de faciliter les nouvelles inscriptions, nous vous demandons&nbsp;<strong>de cr\u00e9er d\u00e8s maintenant un&nbsp;<\/strong><a href=\"https:\/\/cyn.assoconnect.com\/membres\/profil\"><strong>compte CYN en ligne<\/strong><\/a>&nbsp;pour chaque nouvel adh\u00e9rent, et \u00e0 y renseigner toutes les informations demand\u00e9es.<\/p>\n\n\n\n<p>Pour en savoir plus sur les modalit\u00e9s d\u2019inscription d\u00e9taill\u00e9es, vous pouvez consulter les informations suppl\u00e9mentaires sur la page &#8220;<strong>Inscriptions 25\/26<\/strong>&#8220;.<\/p>\n\n\n\n<p>Pour toute question, veuillez nous contacter par mail \u00e0&nbsp;<strong><a href=\"mailto:information@cyn91.fr\">information@cyn91.fr<\/a><\/strong><\/p>\n","protected":false},"excerpt":{"rendered":"<p>Campagne des r\u00e9inscriptions \/ inscriptions au CYN Permanences \u00e0 la piscine pour les r\u00e9inscriptions uniquement Samedi 14 juin : 10h \/ 13h \u2014 15h \/ 18h Mercredi 18 juin : 10h \/ 13h \u2014 15h \/ 18h Permanences \u00e0 la &hellip;<\/p>\n","protected":false},"author":15,"featured_media":0,"comment_status":"closed","ping_status":"open","sticky":false,"template":"","format":"standard","meta":{"advgb_blocks_editor_width":"","advgb_blocks_columns_visual_guide":""},"categories":[1],"tags":[],"author_meta":{"display_name":"J\u00e9r\u00f4me Soldini","author_link":"https:\/\/www.cyn91.fr\/index.php\/author\/jerome\/"},"featured_img":null,"yoast_head":"<!-- This site is optimized with the Yoast SEO plugin v16.5 - https:\/\/yoast.com\/wordpress\/plugins\/seo\/ -->\n<title>Inscriptions 2025\/2026 - Club Yerrois de Natation<\/title>\n<meta name=\"robots\" content=\"index, follow, max-snippet:-1, max-image-preview:large, max-video-preview:-1\" \/>\n<link rel=\"canonical\" href=\"https:\/\/www.cyn91.fr\/index.php\/2025\/06\/10\/inscriptions-2025-2026\/\" \/>\n<meta property=\"og:locale\" content=\"fr_FR\" \/>\n<meta property=\"og:type\" content=\"article\" \/>\n<meta property=\"og:title\" content=\"Inscriptions 2025\/2026 - Club Yerrois de Natation\" \/>\n<meta property=\"og:description\" content=\"Campagne des r\u00e9inscriptions \/ inscriptions au CYN Permanences \u00e0 la piscine pour les r\u00e9inscriptions uniquement Samedi 14 juin : 10h \/ 13h \u2014 15h \/ 18h Mercredi 18 juin : 10h \/ 13h \u2014 15h \/ 18h Permanences \u00e0 la &hellip;\" \/>\n<meta property=\"og:url\" content=\"https:\/\/www.cyn91.fr\/index.php\/2025\/06\/10\/inscriptions-2025-2026\/\" \/>\n<meta property=\"og:site_name\" content=\"Club Yerrois de Natation\" \/>\n<meta property=\"article:publisher\" content=\"https:\/\/www.facebook.com\/ClubYerroisNatation\" \/>\n<meta property=\"article:published_time\" content=\"2025-06-10T15:36:30+00:00\" \/>\n<meta property=\"article:modified_time\" content=\"2025-07-01T14:05:45+00:00\" \/>\n<meta name=\"twitter:card\" content=\"summary_large_image\" \/>\n<meta name=\"twitter:label1\" content=\"Dur\u00e9e de lecture est.\" \/>\n\t<meta name=\"twitter:data1\" content=\"1 minute\" \/>\n<script type=\"application\/ld+json\" class=\"yoast-schema-graph\">{\"@context\":\"https:\/\/schema.org\",\"@graph\":[{\"@type\":\"Organization\",\"@id\":\"https:\/\/www.cyn91.fr\/#organization\",\"name\":\"Club Yerrois de Natation\",\"url\":\"https:\/\/www.cyn91.fr\/\",\"sameAs\":[\"https:\/\/www.facebook.com\/ClubYerroisNatation\"],\"logo\":{\"@type\":\"ImageObject\",\"@id\":\"https:\/\/www.cyn91.fr\/#logo\",\"inLanguage\":\"fr-FR\",\"url\":\"https:\/\/www.cyn91.fr\/wp-content\/uploads\/Logos\/Logo-cyn_sans-texte_150x75.png\",\"contentUrl\":\"https:\/\/www.cyn91.fr\/wp-content\/uploads\/Logos\/Logo-cyn_sans-texte_150x75.png\",\"width\":150,\"height\":75,\"caption\":\"Club Yerrois de Natation\"},\"image\":{\"@id\":\"https:\/\/www.cyn91.fr\/#logo\"}},{\"@type\":\"WebSite\",\"@id\":\"https:\/\/www.cyn91.fr\/#website\",\"url\":\"https:\/\/www.cyn91.fr\/\",\"name\":\"Club Yerrois de Natation\",\"description\":\"Club Yerrois de Natation\",\"publisher\":{\"@id\":\"https:\/\/www.cyn91.fr\/#organization\"},\"potentialAction\":[{\"@type\":\"SearchAction\",\"target\":\"https:\/\/www.cyn91.fr\/?s={search_term_string}\",\"query-input\":\"required name=search_term_string\"}],\"inLanguage\":\"fr-FR\"},{\"@type\":\"WebPage\",\"@id\":\"https:\/\/www.cyn91.fr\/index.php\/2025\/06\/10\/inscriptions-2025-2026\/#webpage\",\"url\":\"https:\/\/www.cyn91.fr\/index.php\/2025\/06\/10\/inscriptions-2025-2026\/\",\"name\":\"Inscriptions 2025\/2026 - Club Yerrois de Natation\",\"isPartOf\":{\"@id\":\"https:\/\/www.cyn91.fr\/#website\"},\"datePublished\":\"2025-06-10T15:36:30+00:00\",\"dateModified\":\"2025-07-01T14:05:45+00:00\",\"breadcrumb\":{\"@id\":\"https:\/\/www.cyn91.fr\/index.php\/2025\/06\/10\/inscriptions-2025-2026\/#breadcrumb\"},\"inLanguage\":\"fr-FR\",\"potentialAction\":[{\"@type\":\"ReadAction\",\"target\":[\"https:\/\/www.cyn91.fr\/index.php\/2025\/06\/10\/inscriptions-2025-2026\/\"]}]},{\"@type\":\"BreadcrumbList\",\"@id\":\"https:\/\/www.cyn91.fr\/index.php\/2025\/06\/10\/inscriptions-2025-2026\/#breadcrumb\",\"itemListElement\":[{\"@type\":\"ListItem\",\"position\":1,\"name\":\"Accueil\",\"item\":\"https:\/\/www.cyn91.fr\/\"},{\"@type\":\"ListItem\",\"position\":2,\"name\":\"Inscriptions 2025\/2026\"}]},{\"@type\":\"Article\",\"@id\":\"https:\/\/www.cyn91.fr\/index.php\/2025\/06\/10\/inscriptions-2025-2026\/#article\",\"isPartOf\":{\"@id\":\"https:\/\/www.cyn91.fr\/index.php\/2025\/06\/10\/inscriptions-2025-2026\/#webpage\"},\"author\":{\"@id\":\"https:\/\/www.cyn91.fr\/#\/schema\/person\/d81d7b77129ed4158e49e65872747b8e\"},\"headline\":\"Inscriptions 2025\/2026\",\"datePublished\":\"2025-06-10T15:36:30+00:00\",\"dateModified\":\"2025-07-01T14:05:45+00:00\",\"mainEntityOfPage\":{\"@id\":\"https:\/\/www.cyn91.fr\/index.php\/2025\/06\/10\/inscriptions-2025-2026\/#webpage\"},\"wordCount\":154,\"publisher\":{\"@id\":\"https:\/\/www.cyn91.fr\/#organization\"},\"inLanguage\":\"fr-FR\"},{\"@type\":\"Person\",\"@id\":\"https:\/\/www.cyn91.fr\/#\/schema\/person\/d81d7b77129ed4158e49e65872747b8e\",\"name\":\"J\\u00e9r\\u00f4me Soldini\",\"image\":{\"@type\":\"ImageObject\",\"@id\":\"https:\/\/www.cyn91.fr\/#personlogo\",\"inLanguage\":\"fr-FR\",\"url\":\"https:\/\/secure.gravatar.com\/avatar\/31bea1cef1cc160cb1df09fc9f776131?s=96&d=mm&r=g\",\"contentUrl\":\"https:\/\/secure.gravatar.com\/avatar\/31bea1cef1cc160cb1df09fc9f776131?s=96&d=mm&r=g\",\"caption\":\"J\\u00e9r\\u00f4me Soldini\"},\"url\":\"https:\/\/www.cyn91.fr\/index.php\/author\/jerome\/\"}]}<\/script>\n<!-- \/ Yoast SEO plugin. -->","coauthors":[],"tax_additional":{"categories":{"linked":["<a href=\"https:\/\/www.cyn91.fr\/index.php\/category\/non-classe\/\" class=\"advgb-post-tax-term\">Non class\u00e9<\/a>"],"unlinked":["<span class=\"advgb-post-tax-term\">Non class\u00e9<\/span>"]}},"comment_count":"0","relative_dates":{"created":"Publi\u00e9 11 mois il y a","modified":"Mis \u00e0 jour 10 mois il y a"},"absolute_dates":{"created":"Publi\u00e9 le 10 juin 2025","modified":"Mise \u00e0 jour le 1 juillet 2025"},"absolute_dates_time":{"created":"Publi\u00e9 le 10 juin 2025 17 h 36 min","modified":"Mise \u00e0 jour le 1 juillet 2025 16 h 05 min"},"featured_img_caption":"","series_order":"","post_mailing_queue_ids":[],"_links":{"self":[{"href":"https:\/\/www.cyn91.fr\/index.php\/wp-json\/wp\/v2\/posts\/878852"}],"collection":[{"href":"https:\/\/www.cyn91.fr\/index.php\/wp-json\/wp\/v2\/posts"}],"about":[{"href":"https:\/\/www.cyn91.fr\/index.php\/wp-json\/wp\/v2\/types\/post"}],"author":[{"embeddable":true,"href":"https:\/\/www.cyn91.fr\/index.php\/wp-json\/wp\/v2\/users\/15"}],"replies":[{"embeddable":true,"href":"https:\/\/www.cyn91.fr\/index.php\/wp-json\/wp\/v2\/comments?post=878852"}],"version-history":[{"count":4,"href":"https:\/\/www.cyn91.fr\/index.php\/wp-json\/wp\/v2\/posts\/878852\/revisions"}],"predecessor-version":[{"id":878926,"href":"https:\/\/www.cyn91.fr\/index.php\/wp-json\/wp\/v2\/posts\/878852\/revisions\/878926"}],"wp:attachment":[{"href":"https:\/\/www.cyn91.fr\/index.php\/wp-json\/wp\/v2\/media?parent=878852"}],"wp:term":[{"taxonomy":"category","embeddable":true,"href":"https:\/\/www.cyn91.fr\/index.php\/wp-json\/wp\/v2\/categories?post=878852"},{"taxonomy":"post_tag","embeddable":true,"href":"https:\/\/www.cyn91.fr\/index.php\/wp-json\/wp\/v2\/tags?post=878852"}],"curies":[{"name":"wp","href":"https:\/\/api.w.org\/{rel}","templated":true}]}}