{"id":878927,"date":"2025-09-04T19:48:42","date_gmt":"2025-09-04T17:48:42","guid":{"rendered":"https:\/\/www.cyn91.fr\/?p=878927"},"modified":"2025-09-04T19:48:44","modified_gmt":"2025-09-04T17:48:44","slug":"reprise-des-activites-2","status":"publish","type":"post","link":"https:\/\/www.cyn91.fr\/index.php\/2025\/09\/04\/reprise-des-activites-2\/","title":{"rendered":"Reprise des activit\u00e9s"},"content":{"rendered":"\n<p><strong>Reprise des activit\u00e9s : LUNDI 15 SEPTEMBRE<\/strong><\/p>\n\n\n\n<p><strong>Derni\u00e8res permanences au Bureau du CYN :<\/strong><\/p>\n\n\n\n<p>\u2013 Samedi 6 septembre : Forum des associations<\/p>\n\n\n\n<p>\u2013 Mercredi 10 septembre : 10h\/13h \u2014 15h\/18h<\/p>\n\n\n\n<p>\u2013 Samedi 13 septembre : 10h\/13h \u2014 15h\/18h<\/p>\n\n\n\n<p>Contact : 07.81.73.34.51 \/\/ information@cyn91.fr<\/p>\n\n\n\n<p>Pour tous les groupes comp\u00e9titions, merci de contacter le directeur technique : jerome.soldini@gmail.com<\/p>\n","protected":false},"excerpt":{"rendered":"<p>Reprise des activit\u00e9s : LUNDI 15 SEPTEMBRE Derni\u00e8res permanences au Bureau du CYN : \u2013 Samedi 6 septembre : Forum des associations \u2013 Mercredi 10 septembre : 10h\/13h \u2014 15h\/18h \u2013 Samedi 13 septembre : 10h\/13h \u2014 15h\/18h Contact : &hellip;<\/p>\n","protected":false},"author":15,"featured_media":0,"comment_status":"closed","ping_status":"open","sticky":false,"template":"","format":"standard","meta":{"advgb_blocks_editor_width":"","advgb_blocks_columns_visual_guide":""},"categories":[1],"tags":[],"author_meta":{"display_name":"J\u00e9r\u00f4me Soldini","author_link":"https:\/\/www.cyn91.fr\/index.php\/author\/jerome\/"},"featured_img":null,"yoast_head":"<!-- This site is optimized with the Yoast SEO plugin v16.5 - https:\/\/yoast.com\/wordpress\/plugins\/seo\/ -->\n<title>Reprise des activit\u00e9s - Club Yerrois de Natation<\/title>\n<meta name=\"robots\" content=\"index, follow, max-snippet:-1, max-image-preview:large, max-video-preview:-1\" \/>\n<link rel=\"canonical\" href=\"https:\/\/www.cyn91.fr\/index.php\/2025\/09\/04\/reprise-des-activites-2\/\" \/>\n<meta property=\"og:locale\" content=\"fr_FR\" \/>\n<meta property=\"og:type\" content=\"article\" \/>\n<meta property=\"og:title\" content=\"Reprise des activit\u00e9s - Club Yerrois de Natation\" \/>\n<meta property=\"og:description\" content=\"Reprise des activit\u00e9s : LUNDI 15 SEPTEMBRE Derni\u00e8res permanences au Bureau du CYN : \u2013 Samedi 6 septembre : Forum des associations \u2013 Mercredi 10 septembre : 10h\/13h \u2014 15h\/18h \u2013 Samedi 13 septembre : 10h\/13h \u2014 15h\/18h Contact : &hellip;\" \/>\n<meta property=\"og:url\" content=\"https:\/\/www.cyn91.fr\/index.php\/2025\/09\/04\/reprise-des-activites-2\/\" \/>\n<meta property=\"og:site_name\" content=\"Club Yerrois de Natation\" \/>\n<meta property=\"article:publisher\" content=\"https:\/\/www.facebook.com\/ClubYerroisNatation\" \/>\n<meta property=\"article:published_time\" content=\"2025-09-04T17:48:42+00:00\" \/>\n<meta property=\"article:modified_time\" content=\"2025-09-04T17:48:44+00:00\" \/>\n<meta name=\"twitter:card\" content=\"summary_large_image\" \/>\n<meta name=\"twitter:label1\" content=\"Dur\u00e9e de lecture est.\" \/>\n\t<meta name=\"twitter:data1\" content=\"1 minute\" \/>\n<script type=\"application\/ld+json\" class=\"yoast-schema-graph\">{\"@context\":\"https:\/\/schema.org\",\"@graph\":[{\"@type\":\"Organization\",\"@id\":\"https:\/\/www.cyn91.fr\/#organization\",\"name\":\"Club Yerrois de Natation\",\"url\":\"https:\/\/www.cyn91.fr\/\",\"sameAs\":[\"https:\/\/www.facebook.com\/ClubYerroisNatation\"],\"logo\":{\"@type\":\"ImageObject\",\"@id\":\"https:\/\/www.cyn91.fr\/#logo\",\"inLanguage\":\"fr-FR\",\"url\":\"https:\/\/www.cyn91.fr\/wp-content\/uploads\/Logos\/Logo-cyn_sans-texte_150x75.png\",\"contentUrl\":\"https:\/\/www.cyn91.fr\/wp-content\/uploads\/Logos\/Logo-cyn_sans-texte_150x75.png\",\"width\":150,\"height\":75,\"caption\":\"Club Yerrois de Natation\"},\"image\":{\"@id\":\"https:\/\/www.cyn91.fr\/#logo\"}},{\"@type\":\"WebSite\",\"@id\":\"https:\/\/www.cyn91.fr\/#website\",\"url\":\"https:\/\/www.cyn91.fr\/\",\"name\":\"Club Yerrois de Natation\",\"description\":\"Club Yerrois de Natation\",\"publisher\":{\"@id\":\"https:\/\/www.cyn91.fr\/#organization\"},\"potentialAction\":[{\"@type\":\"SearchAction\",\"target\":\"https:\/\/www.cyn91.fr\/?s={search_term_string}\",\"query-input\":\"required name=search_term_string\"}],\"inLanguage\":\"fr-FR\"},{\"@type\":\"WebPage\",\"@id\":\"https:\/\/www.cyn91.fr\/index.php\/2025\/09\/04\/reprise-des-activites-2\/#webpage\",\"url\":\"https:\/\/www.cyn91.fr\/index.php\/2025\/09\/04\/reprise-des-activites-2\/\",\"name\":\"Reprise des activit\\u00e9s - Club Yerrois de Natation\",\"isPartOf\":{\"@id\":\"https:\/\/www.cyn91.fr\/#website\"},\"datePublished\":\"2025-09-04T17:48:42+00:00\",\"dateModified\":\"2025-09-04T17:48:44+00:00\",\"breadcrumb\":{\"@id\":\"https:\/\/www.cyn91.fr\/index.php\/2025\/09\/04\/reprise-des-activites-2\/#breadcrumb\"},\"inLanguage\":\"fr-FR\",\"potentialAction\":[{\"@type\":\"ReadAction\",\"target\":[\"https:\/\/www.cyn91.fr\/index.php\/2025\/09\/04\/reprise-des-activites-2\/\"]}]},{\"@type\":\"BreadcrumbList\",\"@id\":\"https:\/\/www.cyn91.fr\/index.php\/2025\/09\/04\/reprise-des-activites-2\/#breadcrumb\",\"itemListElement\":[{\"@type\":\"ListItem\",\"position\":1,\"name\":\"Accueil\",\"item\":\"https:\/\/www.cyn91.fr\/\"},{\"@type\":\"ListItem\",\"position\":2,\"name\":\"Reprise des activit\\u00e9s\"}]},{\"@type\":\"Article\",\"@id\":\"https:\/\/www.cyn91.fr\/index.php\/2025\/09\/04\/reprise-des-activites-2\/#article\",\"isPartOf\":{\"@id\":\"https:\/\/www.cyn91.fr\/index.php\/2025\/09\/04\/reprise-des-activites-2\/#webpage\"},\"author\":{\"@id\":\"https:\/\/www.cyn91.fr\/#\/schema\/person\/d81d7b77129ed4158e49e65872747b8e\"},\"headline\":\"Reprise des activit\\u00e9s\",\"datePublished\":\"2025-09-04T17:48:42+00:00\",\"dateModified\":\"2025-09-04T17:48:44+00:00\",\"mainEntityOfPage\":{\"@id\":\"https:\/\/www.cyn91.fr\/index.php\/2025\/09\/04\/reprise-des-activites-2\/#webpage\"},\"wordCount\":54,\"publisher\":{\"@id\":\"https:\/\/www.cyn91.fr\/#organization\"},\"inLanguage\":\"fr-FR\"},{\"@type\":\"Person\",\"@id\":\"https:\/\/www.cyn91.fr\/#\/schema\/person\/d81d7b77129ed4158e49e65872747b8e\",\"name\":\"J\\u00e9r\\u00f4me Soldini\",\"image\":{\"@type\":\"ImageObject\",\"@id\":\"https:\/\/www.cyn91.fr\/#personlogo\",\"inLanguage\":\"fr-FR\",\"url\":\"https:\/\/secure.gravatar.com\/avatar\/31bea1cef1cc160cb1df09fc9f776131?s=96&d=mm&r=g\",\"contentUrl\":\"https:\/\/secure.gravatar.com\/avatar\/31bea1cef1cc160cb1df09fc9f776131?s=96&d=mm&r=g\",\"caption\":\"J\\u00e9r\\u00f4me Soldini\"},\"url\":\"https:\/\/www.cyn91.fr\/index.php\/author\/jerome\/\"}]}<\/script>\n<!-- \/ Yoast SEO plugin. -->","coauthors":[],"tax_additional":{"categories":{"linked":["<a href=\"https:\/\/www.cyn91.fr\/index.php\/category\/non-classe\/\" class=\"advgb-post-tax-term\">Non class\u00e9<\/a>"],"unlinked":["<span class=\"advgb-post-tax-term\">Non class\u00e9<\/span>"]}},"comment_count":"0","relative_dates":{"created":"Publi\u00e9 8 mois il y a","modified":"Mis \u00e0 jour 8 mois il y a"},"absolute_dates":{"created":"Publi\u00e9 le 4 septembre 2025","modified":"Mise \u00e0 jour le 4 septembre 2025"},"absolute_dates_time":{"created":"Publi\u00e9 le 4 septembre 2025 19 h 48 min","modified":"Mise \u00e0 jour le 4 septembre 2025 19 h 48 min"},"featured_img_caption":"","series_order":"","post_mailing_queue_ids":[],"_links":{"self":[{"href":"https:\/\/www.cyn91.fr\/index.php\/wp-json\/wp\/v2\/posts\/878927"}],"collection":[{"href":"https:\/\/www.cyn91.fr\/index.php\/wp-json\/wp\/v2\/posts"}],"about":[{"href":"https:\/\/www.cyn91.fr\/index.php\/wp-json\/wp\/v2\/types\/post"}],"author":[{"embeddable":true,"href":"https:\/\/www.cyn91.fr\/index.php\/wp-json\/wp\/v2\/users\/15"}],"replies":[{"embeddable":true,"href":"https:\/\/www.cyn91.fr\/index.php\/wp-json\/wp\/v2\/comments?post=878927"}],"version-history":[{"count":1,"href":"https:\/\/www.cyn91.fr\/index.php\/wp-json\/wp\/v2\/posts\/878927\/revisions"}],"predecessor-version":[{"id":878928,"href":"https:\/\/www.cyn91.fr\/index.php\/wp-json\/wp\/v2\/posts\/878927\/revisions\/878928"}],"wp:attachment":[{"href":"https:\/\/www.cyn91.fr\/index.php\/wp-json\/wp\/v2\/media?parent=878927"}],"wp:term":[{"taxonomy":"category","embeddable":true,"href":"https:\/\/www.cyn91.fr\/index.php\/wp-json\/wp\/v2\/categories?post=878927"},{"taxonomy":"post_tag","embeddable":true,"href":"https:\/\/www.cyn91.fr\/index.php\/wp-json\/wp\/v2\/tags?post=878927"}],"curies":[{"name":"wp","href":"https:\/\/api.w.org\/{rel}","templated":true}]}}