{"id":878929,"date":"2025-09-08T16:20:18","date_gmt":"2025-09-08T14:20:18","guid":{"rendered":"https:\/\/www.cyn91.fr\/?p=878929"},"modified":"2025-09-12T22:47:05","modified_gmt":"2025-09-12T20:47:05","slug":"prochaines-permanences","status":"publish","type":"post","link":"https:\/\/www.cyn91.fr\/index.php\/2025\/09\/08\/prochaines-permanences\/","title":{"rendered":"Prochaines permanences"},"content":{"rendered":"\n<p>Les permanences du mercredi 10 et samedi 13 septembre sont annul\u00e9es pour cause de travaux au Val De Forme.<\/p>\n\n\n\n<p>Les prochaines permanences auront lieu : <\/p>\n\n\n\n<ul><li>Mercredi 17 septembre : 10h\/13h \u2014 15h\/18h<\/li><li>Samedi 20 septembre : 9h &#8211; 17h<\/li><\/ul>\n\n\n\n<p>Contact : 07.81.73.34.51 \/\/ information@cyn91.fr<\/p>\n\n\n\n<p>Pour tous les groupes comp\u00e9titions, merci de contacter le directeur technique : jerome.soldini@gmail.com<\/p>\n","protected":false},"excerpt":{"rendered":"<p>Les permanences du mercredi 10 et samedi 13 septembre sont annul\u00e9es pour cause de travaux au Val De Forme. Les prochaines permanences auront lieu : Mercredi 17 septembre : 10h\/13h \u2014 15h\/18h Samedi 20 septembre : 9h &#8211; 17h Contact &hellip;<\/p>\n","protected":false},"author":15,"featured_media":0,"comment_status":"closed","ping_status":"open","sticky":false,"template":"","format":"standard","meta":{"advgb_blocks_editor_width":"","advgb_blocks_columns_visual_guide":""},"categories":[1],"tags":[],"author_meta":{"display_name":"J\u00e9r\u00f4me Soldini","author_link":"https:\/\/www.cyn91.fr\/index.php\/author\/jerome\/"},"featured_img":null,"yoast_head":"<!-- This site is optimized with the Yoast SEO plugin v16.5 - https:\/\/yoast.com\/wordpress\/plugins\/seo\/ -->\n<title>Prochaines permanences - Club Yerrois de Natation<\/title>\n<meta name=\"robots\" content=\"index, follow, max-snippet:-1, max-image-preview:large, max-video-preview:-1\" \/>\n<link rel=\"canonical\" href=\"https:\/\/www.cyn91.fr\/index.php\/2025\/09\/08\/prochaines-permanences\/\" \/>\n<meta property=\"og:locale\" content=\"fr_FR\" \/>\n<meta property=\"og:type\" content=\"article\" \/>\n<meta property=\"og:title\" content=\"Prochaines permanences - Club Yerrois de Natation\" \/>\n<meta property=\"og:description\" content=\"Les permanences du mercredi 10 et samedi 13 septembre sont annul\u00e9es pour cause de travaux au Val De Forme. Les prochaines permanences auront lieu : Mercredi 17 septembre : 10h\/13h \u2014 15h\/18h Samedi 20 septembre : 9h &#8211; 17h Contact &hellip;\" \/>\n<meta property=\"og:url\" content=\"https:\/\/www.cyn91.fr\/index.php\/2025\/09\/08\/prochaines-permanences\/\" \/>\n<meta property=\"og:site_name\" content=\"Club Yerrois de Natation\" \/>\n<meta property=\"article:publisher\" content=\"https:\/\/www.facebook.com\/ClubYerroisNatation\" \/>\n<meta property=\"article:published_time\" content=\"2025-09-08T14:20:18+00:00\" \/>\n<meta property=\"article:modified_time\" content=\"2025-09-12T20:47:05+00:00\" \/>\n<meta name=\"twitter:card\" content=\"summary_large_image\" \/>\n<meta name=\"twitter:label1\" content=\"Dur\u00e9e de lecture est.\" \/>\n\t<meta name=\"twitter:data1\" content=\"1 minute\" \/>\n<script type=\"application\/ld+json\" class=\"yoast-schema-graph\">{\"@context\":\"https:\/\/schema.org\",\"@graph\":[{\"@type\":\"Organization\",\"@id\":\"https:\/\/www.cyn91.fr\/#organization\",\"name\":\"Club Yerrois de Natation\",\"url\":\"https:\/\/www.cyn91.fr\/\",\"sameAs\":[\"https:\/\/www.facebook.com\/ClubYerroisNatation\"],\"logo\":{\"@type\":\"ImageObject\",\"@id\":\"https:\/\/www.cyn91.fr\/#logo\",\"inLanguage\":\"fr-FR\",\"url\":\"https:\/\/www.cyn91.fr\/wp-content\/uploads\/Logos\/Logo-cyn_sans-texte_150x75.png\",\"contentUrl\":\"https:\/\/www.cyn91.fr\/wp-content\/uploads\/Logos\/Logo-cyn_sans-texte_150x75.png\",\"width\":150,\"height\":75,\"caption\":\"Club Yerrois de Natation\"},\"image\":{\"@id\":\"https:\/\/www.cyn91.fr\/#logo\"}},{\"@type\":\"WebSite\",\"@id\":\"https:\/\/www.cyn91.fr\/#website\",\"url\":\"https:\/\/www.cyn91.fr\/\",\"name\":\"Club Yerrois de Natation\",\"description\":\"Club Yerrois de Natation\",\"publisher\":{\"@id\":\"https:\/\/www.cyn91.fr\/#organization\"},\"potentialAction\":[{\"@type\":\"SearchAction\",\"target\":\"https:\/\/www.cyn91.fr\/?s={search_term_string}\",\"query-input\":\"required name=search_term_string\"}],\"inLanguage\":\"fr-FR\"},{\"@type\":\"WebPage\",\"@id\":\"https:\/\/www.cyn91.fr\/index.php\/2025\/09\/08\/prochaines-permanences\/#webpage\",\"url\":\"https:\/\/www.cyn91.fr\/index.php\/2025\/09\/08\/prochaines-permanences\/\",\"name\":\"Prochaines permanences - Club Yerrois de Natation\",\"isPartOf\":{\"@id\":\"https:\/\/www.cyn91.fr\/#website\"},\"datePublished\":\"2025-09-08T14:20:18+00:00\",\"dateModified\":\"2025-09-12T20:47:05+00:00\",\"breadcrumb\":{\"@id\":\"https:\/\/www.cyn91.fr\/index.php\/2025\/09\/08\/prochaines-permanences\/#breadcrumb\"},\"inLanguage\":\"fr-FR\",\"potentialAction\":[{\"@type\":\"ReadAction\",\"target\":[\"https:\/\/www.cyn91.fr\/index.php\/2025\/09\/08\/prochaines-permanences\/\"]}]},{\"@type\":\"BreadcrumbList\",\"@id\":\"https:\/\/www.cyn91.fr\/index.php\/2025\/09\/08\/prochaines-permanences\/#breadcrumb\",\"itemListElement\":[{\"@type\":\"ListItem\",\"position\":1,\"name\":\"Accueil\",\"item\":\"https:\/\/www.cyn91.fr\/\"},{\"@type\":\"ListItem\",\"position\":2,\"name\":\"Prochaines permanences\"}]},{\"@type\":\"Article\",\"@id\":\"https:\/\/www.cyn91.fr\/index.php\/2025\/09\/08\/prochaines-permanences\/#article\",\"isPartOf\":{\"@id\":\"https:\/\/www.cyn91.fr\/index.php\/2025\/09\/08\/prochaines-permanences\/#webpage\"},\"author\":{\"@id\":\"https:\/\/www.cyn91.fr\/#\/schema\/person\/d81d7b77129ed4158e49e65872747b8e\"},\"headline\":\"Prochaines permanences\",\"datePublished\":\"2025-09-08T14:20:18+00:00\",\"dateModified\":\"2025-09-12T20:47:05+00:00\",\"mainEntityOfPage\":{\"@id\":\"https:\/\/www.cyn91.fr\/index.php\/2025\/09\/08\/prochaines-permanences\/#webpage\"},\"wordCount\":55,\"publisher\":{\"@id\":\"https:\/\/www.cyn91.fr\/#organization\"},\"inLanguage\":\"fr-FR\"},{\"@type\":\"Person\",\"@id\":\"https:\/\/www.cyn91.fr\/#\/schema\/person\/d81d7b77129ed4158e49e65872747b8e\",\"name\":\"J\\u00e9r\\u00f4me Soldini\",\"image\":{\"@type\":\"ImageObject\",\"@id\":\"https:\/\/www.cyn91.fr\/#personlogo\",\"inLanguage\":\"fr-FR\",\"url\":\"https:\/\/secure.gravatar.com\/avatar\/31bea1cef1cc160cb1df09fc9f776131?s=96&d=mm&r=g\",\"contentUrl\":\"https:\/\/secure.gravatar.com\/avatar\/31bea1cef1cc160cb1df09fc9f776131?s=96&d=mm&r=g\",\"caption\":\"J\\u00e9r\\u00f4me Soldini\"},\"url\":\"https:\/\/www.cyn91.fr\/index.php\/author\/jerome\/\"}]}<\/script>\n<!-- \/ Yoast SEO plugin. -->","coauthors":[],"tax_additional":{"categories":{"linked":["<a href=\"https:\/\/www.cyn91.fr\/index.php\/category\/non-classe\/\" class=\"advgb-post-tax-term\">Non class\u00e9<\/a>"],"unlinked":["<span class=\"advgb-post-tax-term\">Non class\u00e9<\/span>"]}},"comment_count":"0","relative_dates":{"created":"Publi\u00e9 8 mois il y a","modified":"Mis \u00e0 jour 8 mois il y a"},"absolute_dates":{"created":"Publi\u00e9 le 8 septembre 2025","modified":"Mise \u00e0 jour le 12 septembre 2025"},"absolute_dates_time":{"created":"Publi\u00e9 le 8 septembre 2025 16 h 20 min","modified":"Mise \u00e0 jour le 12 septembre 2025 22 h 47 min"},"featured_img_caption":"","series_order":"","post_mailing_queue_ids":[],"_links":{"self":[{"href":"https:\/\/www.cyn91.fr\/index.php\/wp-json\/wp\/v2\/posts\/878929"}],"collection":[{"href":"https:\/\/www.cyn91.fr\/index.php\/wp-json\/wp\/v2\/posts"}],"about":[{"href":"https:\/\/www.cyn91.fr\/index.php\/wp-json\/wp\/v2\/types\/post"}],"author":[{"embeddable":true,"href":"https:\/\/www.cyn91.fr\/index.php\/wp-json\/wp\/v2\/users\/15"}],"replies":[{"embeddable":true,"href":"https:\/\/www.cyn91.fr\/index.php\/wp-json\/wp\/v2\/comments?post=878929"}],"version-history":[{"count":2,"href":"https:\/\/www.cyn91.fr\/index.php\/wp-json\/wp\/v2\/posts\/878929\/revisions"}],"predecessor-version":[{"id":878946,"href":"https:\/\/www.cyn91.fr\/index.php\/wp-json\/wp\/v2\/posts\/878929\/revisions\/878946"}],"wp:attachment":[{"href":"https:\/\/www.cyn91.fr\/index.php\/wp-json\/wp\/v2\/media?parent=878929"}],"wp:term":[{"taxonomy":"category","embeddable":true,"href":"https:\/\/www.cyn91.fr\/index.php\/wp-json\/wp\/v2\/categories?post=878929"},{"taxonomy":"post_tag","embeddable":true,"href":"https:\/\/www.cyn91.fr\/index.php\/wp-json\/wp\/v2\/tags?post=878929"}],"curies":[{"name":"wp","href":"https:\/\/api.w.org\/{rel}","templated":true}]}}