{"id":9722,"date":"2019-04-12T13:47:28","date_gmt":"2019-04-12T11:47:28","guid":{"rendered":"https:\/\/www.cyn91.fr\/?p=9722"},"modified":"2019-05-19T00:14:35","modified_gmt":"2019-05-18T22:14:35","slug":"competition-jeunes-plot-4","status":"publish","type":"post","link":"https:\/\/www.cyn91.fr\/index.php\/2019\/04\/12\/competition-jeunes-plot-4\/","title":{"rendered":"Comp\u00e9tition Jeunes &#8211; plot 4"},"content":{"rendered":"\n<p>Ce week-end, le groupe Jeunes sera \u00e0 Brunoy et Montgeron pour la 4\u00e8me \u00e9tape du Natathlon Jeunes ! <\/p>\n\n\n\n<p>Suivez la comp\u00e9tition sur le <a href=\"https:\/\/l.facebook.com\/l.php?u=https%3A%2F%2Fwww.liveffn.com%2Fcgi-bin%2Fstartlist.php%3Fcompetition%3D59967%26langue%3Dfra%26go%3Ddetail%26action%3Dstructure%26structure%3D776&amp;h=AT2VWYJbPc1xFCQbNATcI0uA5IUq0htIfFzCejNksuCDdQX6p25YzOEYvJYCldNS6tIJ0a2-Dm1ZIMDpYdZHSwWngCerpTTXOBnVwU0PCHyUMWpwy7-7GEtvhOsLVQIeaXI_S9uHFGtE3AJ46dyzOQiH0ZxfvfDLCKZtRXKHs_8y0rbdPFEinRGGGQ9m5YdFgBVHJxQ2TNTgAMWgSB-29bVYxNLexhCgFGeAg2w-l3g-8ClkWrThYjLP5ZdGTfZBuZqdCq3aqF-Oz3ymFC3-Ry1iEDChsjZeWknbd8OrzCvo-6sWvNj9gDTm4muo44KLt0lueINMpYSHu1ofYKaN9MmSFyukpfUJMpjHny3PrIYqmfGABXx2Kw2lJnoJr7uFWc8wUza2jD7qEsKOBG4Neteia5qSWIAmE_YSeyo5V0vQ1YtPdXWAue8kSgfZPQTL0-I3964lPovUc0bTf3g95gUsbqad121UCBWqm7sBzbPA9-WcoHGejR3cqxULbH4A7w2V0NM-_itC8R0G_mfFMQi_tmE5ORQc6YO1Is_uyjyjN9uLgxZtfk7XSUpdJlw5iO2GllL-oGZnt3CnK85d5jCMeBRE249_C1-j4SV_YTScAExNy9J9rA2TskGCZFQbyHbNBikebgaWR6Ma-qm8idap\" target=\"_blank\" rel=\"noreferrer noopener\" aria-label=\"LiveFFN (opens in a new tab)\">LiveFFN<\/a><\/p>\n","protected":false},"excerpt":{"rendered":"<p>Ce week-end, le groupe Jeunes sera \u00e0 Brunoy et Montgeron pour la 4\u00e8me \u00e9tape du Natathlon Jeunes ! Suivez la comp\u00e9tition sur le LiveFFN<\/p>\n","protected":false},"author":1,"featured_media":0,"comment_status":"closed","ping_status":"open","sticky":false,"template":"","format":"standard","meta":{"advgb_blocks_editor_width":"","advgb_blocks_columns_visual_guide":""},"categories":[40,20,1,30],"tags":[],"author_meta":{"display_name":"Michael","author_link":"https:\/\/www.cyn91.fr\/index.php\/author\/mikchek91\/"},"featured_img":null,"yoast_head":"<!-- This site is optimized with the Yoast SEO plugin v16.5 - https:\/\/yoast.com\/wordpress\/plugins\/seo\/ -->\n<title>Comp\u00e9tition Jeunes - plot 4 - Club Yerrois de Natation<\/title>\n<meta name=\"robots\" content=\"index, follow, max-snippet:-1, max-image-preview:large, max-video-preview:-1\" \/>\n<link rel=\"canonical\" href=\"https:\/\/www.cyn91.fr\/index.php\/2019\/04\/12\/competition-jeunes-plot-4\/\" \/>\n<meta property=\"og:locale\" content=\"fr_FR\" \/>\n<meta property=\"og:type\" content=\"article\" \/>\n<meta property=\"og:title\" content=\"Comp\u00e9tition Jeunes - plot 4 - Club Yerrois de Natation\" \/>\n<meta property=\"og:description\" content=\"Ce week-end, le groupe Jeunes sera \u00e0 Brunoy et Montgeron pour la 4\u00e8me \u00e9tape du Natathlon Jeunes ! Suivez la comp\u00e9tition sur le LiveFFN\" \/>\n<meta property=\"og:url\" content=\"https:\/\/www.cyn91.fr\/index.php\/2019\/04\/12\/competition-jeunes-plot-4\/\" \/>\n<meta property=\"og:site_name\" content=\"Club Yerrois de Natation\" \/>\n<meta property=\"article:publisher\" content=\"https:\/\/www.facebook.com\/ClubYerroisNatation\" \/>\n<meta property=\"article:published_time\" content=\"2019-04-12T11:47:28+00:00\" \/>\n<meta property=\"article:modified_time\" content=\"2019-05-18T22:14:35+00:00\" \/>\n<meta name=\"twitter:card\" content=\"summary_large_image\" \/>\n<script type=\"application\/ld+json\" class=\"yoast-schema-graph\">{\"@context\":\"https:\/\/schema.org\",\"@graph\":[{\"@type\":\"Organization\",\"@id\":\"https:\/\/www.cyn91.fr\/#organization\",\"name\":\"Club Yerrois de Natation\",\"url\":\"https:\/\/www.cyn91.fr\/\",\"sameAs\":[\"https:\/\/www.facebook.com\/ClubYerroisNatation\"],\"logo\":{\"@type\":\"ImageObject\",\"@id\":\"https:\/\/www.cyn91.fr\/#logo\",\"inLanguage\":\"fr-FR\",\"url\":\"https:\/\/www.cyn91.fr\/wp-content\/uploads\/Logos\/Logo-cyn_sans-texte_150x75.png\",\"contentUrl\":\"https:\/\/www.cyn91.fr\/wp-content\/uploads\/Logos\/Logo-cyn_sans-texte_150x75.png\",\"width\":150,\"height\":75,\"caption\":\"Club Yerrois de Natation\"},\"image\":{\"@id\":\"https:\/\/www.cyn91.fr\/#logo\"}},{\"@type\":\"WebSite\",\"@id\":\"https:\/\/www.cyn91.fr\/#website\",\"url\":\"https:\/\/www.cyn91.fr\/\",\"name\":\"Club Yerrois de Natation\",\"description\":\"Club Yerrois de Natation\",\"publisher\":{\"@id\":\"https:\/\/www.cyn91.fr\/#organization\"},\"potentialAction\":[{\"@type\":\"SearchAction\",\"target\":\"https:\/\/www.cyn91.fr\/?s={search_term_string}\",\"query-input\":\"required name=search_term_string\"}],\"inLanguage\":\"fr-FR\"},{\"@type\":\"WebPage\",\"@id\":\"https:\/\/www.cyn91.fr\/index.php\/2019\/04\/12\/competition-jeunes-plot-4\/#webpage\",\"url\":\"https:\/\/www.cyn91.fr\/index.php\/2019\/04\/12\/competition-jeunes-plot-4\/\",\"name\":\"Comp\\u00e9tition Jeunes - plot 4 - Club Yerrois de Natation\",\"isPartOf\":{\"@id\":\"https:\/\/www.cyn91.fr\/#website\"},\"datePublished\":\"2019-04-12T11:47:28+00:00\",\"dateModified\":\"2019-05-18T22:14:35+00:00\",\"breadcrumb\":{\"@id\":\"https:\/\/www.cyn91.fr\/index.php\/2019\/04\/12\/competition-jeunes-plot-4\/#breadcrumb\"},\"inLanguage\":\"fr-FR\",\"potentialAction\":[{\"@type\":\"ReadAction\",\"target\":[\"https:\/\/www.cyn91.fr\/index.php\/2019\/04\/12\/competition-jeunes-plot-4\/\"]}]},{\"@type\":\"BreadcrumbList\",\"@id\":\"https:\/\/www.cyn91.fr\/index.php\/2019\/04\/12\/competition-jeunes-plot-4\/#breadcrumb\",\"itemListElement\":[{\"@type\":\"ListItem\",\"position\":1,\"name\":\"Accueil\",\"item\":\"https:\/\/www.cyn91.fr\/\"},{\"@type\":\"ListItem\",\"position\":2,\"name\":\"Comp\\u00e9tition Jeunes &#8211; plot 4\"}]},{\"@type\":\"Article\",\"@id\":\"https:\/\/www.cyn91.fr\/index.php\/2019\/04\/12\/competition-jeunes-plot-4\/#article\",\"isPartOf\":{\"@id\":\"https:\/\/www.cyn91.fr\/index.php\/2019\/04\/12\/competition-jeunes-plot-4\/#webpage\"},\"author\":{\"@id\":\"https:\/\/www.cyn91.fr\/#\/schema\/person\/c4bef6df1ddafa9cfd10fc1d9b0f7826\"},\"headline\":\"Comp\\u00e9tition Jeunes &#8211; plot 4\",\"datePublished\":\"2019-04-12T11:47:28+00:00\",\"dateModified\":\"2019-05-18T22:14:35+00:00\",\"mainEntityOfPage\":{\"@id\":\"https:\/\/www.cyn91.fr\/index.php\/2019\/04\/12\/competition-jeunes-plot-4\/#webpage\"},\"wordCount\":28,\"publisher\":{\"@id\":\"https:\/\/www.cyn91.fr\/#organization\"},\"articleSection\":{\"0\":\"Jeunes\",\"1\":\"Comp\\u00e9tition\",\"3\":\"Saison sportive\"},\"inLanguage\":\"fr-FR\"},{\"@type\":\"Person\",\"@id\":\"https:\/\/www.cyn91.fr\/#\/schema\/person\/c4bef6df1ddafa9cfd10fc1d9b0f7826\",\"name\":\"Michael\",\"image\":{\"@type\":\"ImageObject\",\"@id\":\"https:\/\/www.cyn91.fr\/#personlogo\",\"inLanguage\":\"fr-FR\",\"url\":\"https:\/\/secure.gravatar.com\/avatar\/11a79518b2b2902399994a1ace10df32?s=96&d=mm&r=g\",\"contentUrl\":\"https:\/\/secure.gravatar.com\/avatar\/11a79518b2b2902399994a1ace10df32?s=96&d=mm&r=g\",\"caption\":\"Michael\"},\"url\":\"https:\/\/www.cyn91.fr\/index.php\/author\/mikchek91\/\"}]}<\/script>\n<!-- \/ Yoast SEO plugin. -->","coauthors":[],"tax_additional":{"categories":{"linked":["<a href=\"https:\/\/www.cyn91.fr\/index.php\/category\/jeunes\/\" class=\"advgb-post-tax-term\">Jeunes<\/a>","<a href=\"https:\/\/www.cyn91.fr\/index.php\/category\/competition\/\" class=\"advgb-post-tax-term\">Comp\u00e9tition<\/a>","<a href=\"https:\/\/www.cyn91.fr\/index.php\/category\/non-classe\/\" class=\"advgb-post-tax-term\">Non class\u00e9<\/a>","<a href=\"https:\/\/www.cyn91.fr\/index.php\/category\/saison\/\" class=\"advgb-post-tax-term\">Saison sportive<\/a>"],"unlinked":["<span class=\"advgb-post-tax-term\">Jeunes<\/span>","<span class=\"advgb-post-tax-term\">Comp\u00e9tition<\/span>","<span class=\"advgb-post-tax-term\">Non class\u00e9<\/span>","<span class=\"advgb-post-tax-term\">Saison sportive<\/span>"]}},"comment_count":"0","relative_dates":{"created":"Publi\u00e9 7 ans il y a","modified":"Mis \u00e0 jour 7 ans il y a"},"absolute_dates":{"created":"Publi\u00e9 le 12 avril 2019","modified":"Mise \u00e0 jour le 19 mai 2019"},"absolute_dates_time":{"created":"Publi\u00e9 le 12 avril 2019 13 h 47 min","modified":"Mise \u00e0 jour le 19 mai 2019 0 h 14 min"},"featured_img_caption":"","series_order":"","post_mailing_queue_ids":[],"_links":{"self":[{"href":"https:\/\/www.cyn91.fr\/index.php\/wp-json\/wp\/v2\/posts\/9722"}],"collection":[{"href":"https:\/\/www.cyn91.fr\/index.php\/wp-json\/wp\/v2\/posts"}],"about":[{"href":"https:\/\/www.cyn91.fr\/index.php\/wp-json\/wp\/v2\/types\/post"}],"author":[{"embeddable":true,"href":"https:\/\/www.cyn91.fr\/index.php\/wp-json\/wp\/v2\/users\/1"}],"replies":[{"embeddable":true,"href":"https:\/\/www.cyn91.fr\/index.php\/wp-json\/wp\/v2\/comments?post=9722"}],"version-history":[{"count":1,"href":"https:\/\/www.cyn91.fr\/index.php\/wp-json\/wp\/v2\/posts\/9722\/revisions"}],"predecessor-version":[{"id":9725,"href":"https:\/\/www.cyn91.fr\/index.php\/wp-json\/wp\/v2\/posts\/9722\/revisions\/9725"}],"wp:attachment":[{"href":"https:\/\/www.cyn91.fr\/index.php\/wp-json\/wp\/v2\/media?parent=9722"}],"wp:term":[{"taxonomy":"category","embeddable":true,"href":"https:\/\/www.cyn91.fr\/index.php\/wp-json\/wp\/v2\/categories?post=9722"},{"taxonomy":"post_tag","embeddable":true,"href":"https:\/\/www.cyn91.fr\/index.php\/wp-json\/wp\/v2\/tags?post=9722"}],"curies":[{"name":"wp","href":"https:\/\/api.w.org\/{rel}","templated":true}]}}