{"id":9753,"date":"2019-03-16T13:51:46","date_gmt":"2019-03-16T12:51:46","guid":{"rendered":"https:\/\/www.cyn91.fr\/?p=9753"},"modified":"2019-05-19T00:14:33","modified_gmt":"2019-05-18T22:14:33","slug":"competition-jeunes-plot-3","status":"publish","type":"post","link":"https:\/\/www.cyn91.fr\/index.php\/2019\/03\/16\/competition-jeunes-plot-3\/","title":{"rendered":"Comp\u00e9tition Jeunes &#8211; Plot 3"},"content":{"rendered":"\n<p>Ce week-end, 3\u00e8me \u00e9tape du Natathlon pour le groupe Jeunes ! <\/p>\n\n\n\n<p>Suivez la comp\u00e9tition sur le <a href=\"https:\/\/l.facebook.com\/l.php?u=https%3A%2F%2Fwww.liveffn.com%2Fcgi-bin%2Fstartlist.php%3Fcompetition%3D59525%26langue%3Dfra%26go%3Ddetail%26action%3Dstructure%26structure%3D776&amp;h=AT2sDZs9UO_54_OTdDn1PUO7-ekJhOa3BEstegQlfBdA2lSxYn6N5WfqPsB5353Y-nVLKD3zyf4jQ0mTeUl99x7F2pmJnQKobnTkZB6gV_5QfLe0xV5KAEVjYE_Z0s9aMliNKyIr78p0wpqkdQUJNS1pcfzRXCzNeEteIN2uV_C0eCouuuRHGViKOLA-g6HfxculLChFp_6C-dIuUG7Wu32oMb_1ml5dahaCMu236i8lzf3ID2vjkdSEyF7PjUA35zq-lvs2a37PqgtyfRN5cvYDqkbb1HVeAgqJnFIirmHdCnOExHDtOxxacuPBdvebtiuXuZ4X4GdXlML6l8u580Pj7LoIkKzg5cC3Izhd76sDeiHXCyC5HsNqRhMnelGHo0zOPVD_9bAjQl2qkVknsZlDh3VS05C71bUzYhTV9GtrAAGWREotdZjfhLzGP5k2sMqGL-HBjtKY13X-kgqfWsvUDrJ0bjXE707kWIaJ1yV2mtuKWa7f-YrvZua7H4sb8qIyHcPIUdaFzr0RPp5cwug4lz0pXnWK9yH67D-bBsuUBDFrYN_lEgCuz6uR2ROIxEBS8k3jT4FuPlgNno5UNFyzaK2nPHx9fqlfLcsOhA1WGqfaZzcwNn3WlYkNvxgxyAGnprG6jr5W8Vqm7_NebUHV\" target=\"_blank\" rel=\"noreferrer noopener\" aria-label=\"LiveFFN (opens in a new tab)\">LiveFFN<\/a><\/p>\n","protected":false},"excerpt":{"rendered":"<p>Ce week-end, 3\u00e8me \u00e9tape du Natathlon pour le groupe Jeunes ! Suivez la comp\u00e9tition sur le LiveFFN<\/p>\n","protected":false},"author":1,"featured_media":0,"comment_status":"closed","ping_status":"open","sticky":false,"template":"","format":"standard","meta":{"advgb_blocks_editor_width":"","advgb_blocks_columns_visual_guide":""},"categories":[40,20,1,30],"tags":[],"author_meta":{"display_name":"Michael","author_link":"https:\/\/www.cyn91.fr\/index.php\/author\/mikchek91\/"},"featured_img":null,"yoast_head":"<!-- This site is optimized with the Yoast SEO plugin v16.5 - https:\/\/yoast.com\/wordpress\/plugins\/seo\/ -->\n<title>Comp\u00e9tition Jeunes - Plot 3 - Club Yerrois de Natation<\/title>\n<meta name=\"robots\" content=\"index, follow, max-snippet:-1, max-image-preview:large, max-video-preview:-1\" \/>\n<link rel=\"canonical\" href=\"https:\/\/www.cyn91.fr\/index.php\/2019\/03\/16\/competition-jeunes-plot-3\/\" \/>\n<meta property=\"og:locale\" content=\"fr_FR\" \/>\n<meta property=\"og:type\" content=\"article\" \/>\n<meta property=\"og:title\" content=\"Comp\u00e9tition Jeunes - Plot 3 - Club Yerrois de Natation\" \/>\n<meta property=\"og:description\" content=\"Ce week-end, 3\u00e8me \u00e9tape du Natathlon pour le groupe Jeunes ! Suivez la comp\u00e9tition sur le LiveFFN\" \/>\n<meta property=\"og:url\" content=\"https:\/\/www.cyn91.fr\/index.php\/2019\/03\/16\/competition-jeunes-plot-3\/\" \/>\n<meta property=\"og:site_name\" content=\"Club Yerrois de Natation\" \/>\n<meta property=\"article:publisher\" content=\"https:\/\/www.facebook.com\/ClubYerroisNatation\" \/>\n<meta property=\"article:published_time\" content=\"2019-03-16T12:51:46+00:00\" \/>\n<meta property=\"article:modified_time\" content=\"2019-05-18T22:14:33+00:00\" \/>\n<meta name=\"twitter:card\" content=\"summary_large_image\" \/>\n<script type=\"application\/ld+json\" class=\"yoast-schema-graph\">{\"@context\":\"https:\/\/schema.org\",\"@graph\":[{\"@type\":\"Organization\",\"@id\":\"https:\/\/www.cyn91.fr\/#organization\",\"name\":\"Club Yerrois de Natation\",\"url\":\"https:\/\/www.cyn91.fr\/\",\"sameAs\":[\"https:\/\/www.facebook.com\/ClubYerroisNatation\"],\"logo\":{\"@type\":\"ImageObject\",\"@id\":\"https:\/\/www.cyn91.fr\/#logo\",\"inLanguage\":\"fr-FR\",\"url\":\"https:\/\/www.cyn91.fr\/wp-content\/uploads\/Logos\/Logo-cyn_sans-texte_150x75.png\",\"contentUrl\":\"https:\/\/www.cyn91.fr\/wp-content\/uploads\/Logos\/Logo-cyn_sans-texte_150x75.png\",\"width\":150,\"height\":75,\"caption\":\"Club Yerrois de Natation\"},\"image\":{\"@id\":\"https:\/\/www.cyn91.fr\/#logo\"}},{\"@type\":\"WebSite\",\"@id\":\"https:\/\/www.cyn91.fr\/#website\",\"url\":\"https:\/\/www.cyn91.fr\/\",\"name\":\"Club Yerrois de Natation\",\"description\":\"Club Yerrois de Natation\",\"publisher\":{\"@id\":\"https:\/\/www.cyn91.fr\/#organization\"},\"potentialAction\":[{\"@type\":\"SearchAction\",\"target\":\"https:\/\/www.cyn91.fr\/?s={search_term_string}\",\"query-input\":\"required name=search_term_string\"}],\"inLanguage\":\"fr-FR\"},{\"@type\":\"WebPage\",\"@id\":\"https:\/\/www.cyn91.fr\/index.php\/2019\/03\/16\/competition-jeunes-plot-3\/#webpage\",\"url\":\"https:\/\/www.cyn91.fr\/index.php\/2019\/03\/16\/competition-jeunes-plot-3\/\",\"name\":\"Comp\\u00e9tition Jeunes - Plot 3 - Club Yerrois de Natation\",\"isPartOf\":{\"@id\":\"https:\/\/www.cyn91.fr\/#website\"},\"datePublished\":\"2019-03-16T12:51:46+00:00\",\"dateModified\":\"2019-05-18T22:14:33+00:00\",\"breadcrumb\":{\"@id\":\"https:\/\/www.cyn91.fr\/index.php\/2019\/03\/16\/competition-jeunes-plot-3\/#breadcrumb\"},\"inLanguage\":\"fr-FR\",\"potentialAction\":[{\"@type\":\"ReadAction\",\"target\":[\"https:\/\/www.cyn91.fr\/index.php\/2019\/03\/16\/competition-jeunes-plot-3\/\"]}]},{\"@type\":\"BreadcrumbList\",\"@id\":\"https:\/\/www.cyn91.fr\/index.php\/2019\/03\/16\/competition-jeunes-plot-3\/#breadcrumb\",\"itemListElement\":[{\"@type\":\"ListItem\",\"position\":1,\"name\":\"Accueil\",\"item\":\"https:\/\/www.cyn91.fr\/\"},{\"@type\":\"ListItem\",\"position\":2,\"name\":\"Comp\\u00e9tition Jeunes &#8211; Plot 3\"}]},{\"@type\":\"Article\",\"@id\":\"https:\/\/www.cyn91.fr\/index.php\/2019\/03\/16\/competition-jeunes-plot-3\/#article\",\"isPartOf\":{\"@id\":\"https:\/\/www.cyn91.fr\/index.php\/2019\/03\/16\/competition-jeunes-plot-3\/#webpage\"},\"author\":{\"@id\":\"https:\/\/www.cyn91.fr\/#\/schema\/person\/c4bef6df1ddafa9cfd10fc1d9b0f7826\"},\"headline\":\"Comp\\u00e9tition Jeunes &#8211; Plot 3\",\"datePublished\":\"2019-03-16T12:51:46+00:00\",\"dateModified\":\"2019-05-18T22:14:33+00:00\",\"mainEntityOfPage\":{\"@id\":\"https:\/\/www.cyn91.fr\/index.php\/2019\/03\/16\/competition-jeunes-plot-3\/#webpage\"},\"wordCount\":22,\"publisher\":{\"@id\":\"https:\/\/www.cyn91.fr\/#organization\"},\"articleSection\":{\"0\":\"Jeunes\",\"1\":\"Comp\\u00e9tition\",\"3\":\"Saison sportive\"},\"inLanguage\":\"fr-FR\"},{\"@type\":\"Person\",\"@id\":\"https:\/\/www.cyn91.fr\/#\/schema\/person\/c4bef6df1ddafa9cfd10fc1d9b0f7826\",\"name\":\"Michael\",\"image\":{\"@type\":\"ImageObject\",\"@id\":\"https:\/\/www.cyn91.fr\/#personlogo\",\"inLanguage\":\"fr-FR\",\"url\":\"https:\/\/secure.gravatar.com\/avatar\/11a79518b2b2902399994a1ace10df32?s=96&d=mm&r=g\",\"contentUrl\":\"https:\/\/secure.gravatar.com\/avatar\/11a79518b2b2902399994a1ace10df32?s=96&d=mm&r=g\",\"caption\":\"Michael\"},\"url\":\"https:\/\/www.cyn91.fr\/index.php\/author\/mikchek91\/\"}]}<\/script>\n<!-- \/ Yoast SEO plugin. -->","coauthors":[],"tax_additional":{"categories":{"linked":["<a href=\"https:\/\/www.cyn91.fr\/index.php\/category\/jeunes\/\" class=\"advgb-post-tax-term\">Jeunes<\/a>","<a href=\"https:\/\/www.cyn91.fr\/index.php\/category\/competition\/\" class=\"advgb-post-tax-term\">Comp\u00e9tition<\/a>","<a href=\"https:\/\/www.cyn91.fr\/index.php\/category\/non-classe\/\" class=\"advgb-post-tax-term\">Non class\u00e9<\/a>","<a href=\"https:\/\/www.cyn91.fr\/index.php\/category\/saison\/\" class=\"advgb-post-tax-term\">Saison sportive<\/a>"],"unlinked":["<span class=\"advgb-post-tax-term\">Jeunes<\/span>","<span class=\"advgb-post-tax-term\">Comp\u00e9tition<\/span>","<span class=\"advgb-post-tax-term\">Non class\u00e9<\/span>","<span class=\"advgb-post-tax-term\">Saison sportive<\/span>"]}},"comment_count":"0","relative_dates":{"created":"Publi\u00e9 7 ans il y a","modified":"Mis \u00e0 jour 7 ans il y a"},"absolute_dates":{"created":"Publi\u00e9 le 16 mars 2019","modified":"Mise \u00e0 jour le 19 mai 2019"},"absolute_dates_time":{"created":"Publi\u00e9 le 16 mars 2019 13 h 51 min","modified":"Mise \u00e0 jour le 19 mai 2019 0 h 14 min"},"featured_img_caption":"","series_order":"","post_mailing_queue_ids":[],"_links":{"self":[{"href":"https:\/\/www.cyn91.fr\/index.php\/wp-json\/wp\/v2\/posts\/9753"}],"collection":[{"href":"https:\/\/www.cyn91.fr\/index.php\/wp-json\/wp\/v2\/posts"}],"about":[{"href":"https:\/\/www.cyn91.fr\/index.php\/wp-json\/wp\/v2\/types\/post"}],"author":[{"embeddable":true,"href":"https:\/\/www.cyn91.fr\/index.php\/wp-json\/wp\/v2\/users\/1"}],"replies":[{"embeddable":true,"href":"https:\/\/www.cyn91.fr\/index.php\/wp-json\/wp\/v2\/comments?post=9753"}],"version-history":[{"count":1,"href":"https:\/\/www.cyn91.fr\/index.php\/wp-json\/wp\/v2\/posts\/9753\/revisions"}],"predecessor-version":[{"id":9757,"href":"https:\/\/www.cyn91.fr\/index.php\/wp-json\/wp\/v2\/posts\/9753\/revisions\/9757"}],"wp:attachment":[{"href":"https:\/\/www.cyn91.fr\/index.php\/wp-json\/wp\/v2\/media?parent=9753"}],"wp:term":[{"taxonomy":"category","embeddable":true,"href":"https:\/\/www.cyn91.fr\/index.php\/wp-json\/wp\/v2\/categories?post=9753"},{"taxonomy":"post_tag","embeddable":true,"href":"https:\/\/www.cyn91.fr\/index.php\/wp-json\/wp\/v2\/tags?post=9753"}],"curies":[{"name":"wp","href":"https:\/\/api.w.org\/{rel}","templated":true}]}}