{"id":9775,"date":"2019-02-16T13:56:55","date_gmt":"2019-02-16T12:56:55","guid":{"rendered":"https:\/\/www.cyn91.fr\/?p=9775"},"modified":"2019-05-19T00:14:32","modified_gmt":"2019-05-18T22:14:32","slug":"championnat-regional-juniors","status":"publish","type":"post","link":"https:\/\/www.cyn91.fr\/index.php\/2019\/02\/16\/championnat-regional-juniors\/","title":{"rendered":"Championnat r\u00e9gional Juniors"},"content":{"rendered":"\n<p>Ce week-end, Lola Brosseau, L\u00e9na Pusset et Thibault Ourdouillie seront \u00e0 Massy pour participer au championnat r\u00e9gional Juniors. <\/p>\n\n\n\n<p>Suivez la comp\u00e9tition sur le <a href=\"https:\/\/l.facebook.com\/l.php?u=https%3A%2F%2Fwww.liveffn.com%2Fcgi-bin%2Fstartlist.php%3Fcompetition%3D58821%26langue%3Dfra%26go%3Ddetail%26action%3Dstructure%26structure%3D776&amp;h=AT1-cHTZYwrtlbamPAo2ghCYWUrIoF5yQOZKC3SDccM2MoYzJEe-g3ZPm2KlQFoEsHYpOWRQDLWv9q8_xx5r3MYo0lbsA7Y_6iz9LNT2c6TTDjeoNjd-1zrjR5kyPNUoDMme9uIoUkAkicbsGeZ9lD1V9dAsrh05l7p1h8CdREZ8Q--GcIOAYzQTctdz_sf-FMx7pzhxmI-_YjRA0iX9iDz6A4LZyYGIGYeuO8oq39IJ6RlXnaymcWnfKajlSz8sA4MKx3oXiOHbK8VzICB-A_g4M7vh0schjSeUZQMZCpipy-aI4mAkBiiKUj1k_gJNai8wS_JDldqCKB0E30YTt5T2kQwcJyvHKzOtW1mUuEtsJYGaCBjOKr8T5oYYxWdTD7ktDuxLchlEkNiys8niba_SodSvapdXSy5d7nVTFahqkRUX4W4wTsNt92apuEgVHWchF3owCweVDc49Qdb8DCY_jo76FWxSVt3JdmjrcjWxprxXXNGv81JUJT5jNW06POGiNp6oI9r27UqJSRrmkd0WlpkZXgNULEe3_zBCweECDwKxOl8WGzBvrz27Sg0vVuWtxe1nrfRuxLvBCQZKqFoqhph2SWUNdWM05U1bmqb-SuyUK_kEuw_DZI7BZEEvYji0RVNWbLsYta-qBnAp8j6i\" target=\"_blank\" rel=\"noreferrer noopener\" aria-label=\"LiveFFN (opens in a new tab)\">LiveFFN<\/a><\/p>\n","protected":false},"excerpt":{"rendered":"<p>Ce week-end, Lola Brosseau, L\u00e9na Pusset et Thibault Ourdouillie seront \u00e0 Massy pour participer au championnat r\u00e9gional Juniors. Suivez la comp\u00e9tition sur le LiveFFN<\/p>\n","protected":false},"author":1,"featured_media":0,"comment_status":"closed","ping_status":"open","sticky":false,"template":"","format":"standard","meta":{"advgb_blocks_editor_width":"","advgb_blocks_columns_visual_guide":""},"categories":[47,41,20,1,30],"tags":[],"author_meta":{"display_name":"Michael","author_link":"https:\/\/www.cyn91.fr\/index.php\/author\/mikchek91\/"},"featured_img":null,"yoast_head":"<!-- This site is optimized with the Yoast SEO plugin v16.5 - https:\/\/yoast.com\/wordpress\/plugins\/seo\/ -->\n<title>Championnat r\u00e9gional Juniors - Club Yerrois de Natation<\/title>\n<meta name=\"robots\" content=\"index, follow, max-snippet:-1, max-image-preview:large, max-video-preview:-1\" \/>\n<link rel=\"canonical\" href=\"https:\/\/www.cyn91.fr\/index.php\/2019\/02\/16\/championnat-regional-juniors\/\" \/>\n<meta property=\"og:locale\" content=\"fr_FR\" \/>\n<meta property=\"og:type\" content=\"article\" \/>\n<meta property=\"og:title\" content=\"Championnat r\u00e9gional Juniors - Club Yerrois de Natation\" \/>\n<meta property=\"og:description\" content=\"Ce week-end, Lola Brosseau, L\u00e9na Pusset et Thibault Ourdouillie seront \u00e0 Massy pour participer au championnat r\u00e9gional Juniors. Suivez la comp\u00e9tition sur le LiveFFN\" \/>\n<meta property=\"og:url\" content=\"https:\/\/www.cyn91.fr\/index.php\/2019\/02\/16\/championnat-regional-juniors\/\" \/>\n<meta property=\"og:site_name\" content=\"Club Yerrois de Natation\" \/>\n<meta property=\"article:publisher\" content=\"https:\/\/www.facebook.com\/ClubYerroisNatation\" \/>\n<meta property=\"article:published_time\" content=\"2019-02-16T12:56:55+00:00\" \/>\n<meta property=\"article:modified_time\" content=\"2019-05-18T22:14:32+00:00\" \/>\n<meta name=\"twitter:card\" content=\"summary_large_image\" \/>\n<script type=\"application\/ld+json\" class=\"yoast-schema-graph\">{\"@context\":\"https:\/\/schema.org\",\"@graph\":[{\"@type\":\"Organization\",\"@id\":\"https:\/\/www.cyn91.fr\/#organization\",\"name\":\"Club Yerrois de Natation\",\"url\":\"https:\/\/www.cyn91.fr\/\",\"sameAs\":[\"https:\/\/www.facebook.com\/ClubYerroisNatation\"],\"logo\":{\"@type\":\"ImageObject\",\"@id\":\"https:\/\/www.cyn91.fr\/#logo\",\"inLanguage\":\"fr-FR\",\"url\":\"https:\/\/www.cyn91.fr\/wp-content\/uploads\/Logos\/Logo-cyn_sans-texte_150x75.png\",\"contentUrl\":\"https:\/\/www.cyn91.fr\/wp-content\/uploads\/Logos\/Logo-cyn_sans-texte_150x75.png\",\"width\":150,\"height\":75,\"caption\":\"Club Yerrois de Natation\"},\"image\":{\"@id\":\"https:\/\/www.cyn91.fr\/#logo\"}},{\"@type\":\"WebSite\",\"@id\":\"https:\/\/www.cyn91.fr\/#website\",\"url\":\"https:\/\/www.cyn91.fr\/\",\"name\":\"Club Yerrois de Natation\",\"description\":\"Club Yerrois de Natation\",\"publisher\":{\"@id\":\"https:\/\/www.cyn91.fr\/#organization\"},\"potentialAction\":[{\"@type\":\"SearchAction\",\"target\":\"https:\/\/www.cyn91.fr\/?s={search_term_string}\",\"query-input\":\"required name=search_term_string\"}],\"inLanguage\":\"fr-FR\"},{\"@type\":\"WebPage\",\"@id\":\"https:\/\/www.cyn91.fr\/index.php\/2019\/02\/16\/championnat-regional-juniors\/#webpage\",\"url\":\"https:\/\/www.cyn91.fr\/index.php\/2019\/02\/16\/championnat-regional-juniors\/\",\"name\":\"Championnat r\\u00e9gional Juniors - Club Yerrois de Natation\",\"isPartOf\":{\"@id\":\"https:\/\/www.cyn91.fr\/#website\"},\"datePublished\":\"2019-02-16T12:56:55+00:00\",\"dateModified\":\"2019-05-18T22:14:32+00:00\",\"breadcrumb\":{\"@id\":\"https:\/\/www.cyn91.fr\/index.php\/2019\/02\/16\/championnat-regional-juniors\/#breadcrumb\"},\"inLanguage\":\"fr-FR\",\"potentialAction\":[{\"@type\":\"ReadAction\",\"target\":[\"https:\/\/www.cyn91.fr\/index.php\/2019\/02\/16\/championnat-regional-juniors\/\"]}]},{\"@type\":\"BreadcrumbList\",\"@id\":\"https:\/\/www.cyn91.fr\/index.php\/2019\/02\/16\/championnat-regional-juniors\/#breadcrumb\",\"itemListElement\":[{\"@type\":\"ListItem\",\"position\":1,\"name\":\"Accueil\",\"item\":\"https:\/\/www.cyn91.fr\/\"},{\"@type\":\"ListItem\",\"position\":2,\"name\":\"Championnat r\\u00e9gional Juniors\"}]},{\"@type\":\"Article\",\"@id\":\"https:\/\/www.cyn91.fr\/index.php\/2019\/02\/16\/championnat-regional-juniors\/#article\",\"isPartOf\":{\"@id\":\"https:\/\/www.cyn91.fr\/index.php\/2019\/02\/16\/championnat-regional-juniors\/#webpage\"},\"author\":{\"@id\":\"https:\/\/www.cyn91.fr\/#\/schema\/person\/c4bef6df1ddafa9cfd10fc1d9b0f7826\"},\"headline\":\"Championnat r\\u00e9gional Juniors\",\"datePublished\":\"2019-02-16T12:56:55+00:00\",\"dateModified\":\"2019-05-18T22:14:32+00:00\",\"mainEntityOfPage\":{\"@id\":\"https:\/\/www.cyn91.fr\/index.php\/2019\/02\/16\/championnat-regional-juniors\/#webpage\"},\"wordCount\":30,\"publisher\":{\"@id\":\"https:\/\/www.cyn91.fr\/#organization\"},\"articleSection\":{\"0\":\"Juniors\",\"1\":\"C1\",\"2\":\"Comp\\u00e9tition\",\"4\":\"Saison sportive\"},\"inLanguage\":\"fr-FR\"},{\"@type\":\"Person\",\"@id\":\"https:\/\/www.cyn91.fr\/#\/schema\/person\/c4bef6df1ddafa9cfd10fc1d9b0f7826\",\"name\":\"Michael\",\"image\":{\"@type\":\"ImageObject\",\"@id\":\"https:\/\/www.cyn91.fr\/#personlogo\",\"inLanguage\":\"fr-FR\",\"url\":\"https:\/\/secure.gravatar.com\/avatar\/11a79518b2b2902399994a1ace10df32?s=96&d=mm&r=g\",\"contentUrl\":\"https:\/\/secure.gravatar.com\/avatar\/11a79518b2b2902399994a1ace10df32?s=96&d=mm&r=g\",\"caption\":\"Michael\"},\"url\":\"https:\/\/www.cyn91.fr\/index.php\/author\/mikchek91\/\"}]}<\/script>\n<!-- \/ Yoast SEO plugin. -->","coauthors":[],"tax_additional":{"categories":{"linked":["<a href=\"https:\/\/www.cyn91.fr\/index.php\/category\/juniors\/\" class=\"advgb-post-tax-term\">Juniors<\/a>","<a href=\"https:\/\/www.cyn91.fr\/index.php\/category\/c1\/\" class=\"advgb-post-tax-term\">C1<\/a>","<a href=\"https:\/\/www.cyn91.fr\/index.php\/category\/competition\/\" class=\"advgb-post-tax-term\">Comp\u00e9tition<\/a>","<a href=\"https:\/\/www.cyn91.fr\/index.php\/category\/non-classe\/\" class=\"advgb-post-tax-term\">Non class\u00e9<\/a>","<a href=\"https:\/\/www.cyn91.fr\/index.php\/category\/saison\/\" class=\"advgb-post-tax-term\">Saison sportive<\/a>"],"unlinked":["<span class=\"advgb-post-tax-term\">Juniors<\/span>","<span class=\"advgb-post-tax-term\">C1<\/span>","<span class=\"advgb-post-tax-term\">Comp\u00e9tition<\/span>","<span class=\"advgb-post-tax-term\">Non class\u00e9<\/span>","<span class=\"advgb-post-tax-term\">Saison sportive<\/span>"]}},"comment_count":"0","relative_dates":{"created":"Publi\u00e9 7 ans il y a","modified":"Mis \u00e0 jour 7 ans il y a"},"absolute_dates":{"created":"Publi\u00e9 le 16 f\u00e9vrier 2019","modified":"Mise \u00e0 jour le 19 mai 2019"},"absolute_dates_time":{"created":"Publi\u00e9 le 16 f\u00e9vrier 2019 13 h 56 min","modified":"Mise \u00e0 jour le 19 mai 2019 0 h 14 min"},"featured_img_caption":"","series_order":"","post_mailing_queue_ids":[],"_links":{"self":[{"href":"https:\/\/www.cyn91.fr\/index.php\/wp-json\/wp\/v2\/posts\/9775"}],"collection":[{"href":"https:\/\/www.cyn91.fr\/index.php\/wp-json\/wp\/v2\/posts"}],"about":[{"href":"https:\/\/www.cyn91.fr\/index.php\/wp-json\/wp\/v2\/types\/post"}],"author":[{"embeddable":true,"href":"https:\/\/www.cyn91.fr\/index.php\/wp-json\/wp\/v2\/users\/1"}],"replies":[{"embeddable":true,"href":"https:\/\/www.cyn91.fr\/index.php\/wp-json\/wp\/v2\/comments?post=9775"}],"version-history":[{"count":1,"href":"https:\/\/www.cyn91.fr\/index.php\/wp-json\/wp\/v2\/posts\/9775\/revisions"}],"predecessor-version":[{"id":9776,"href":"https:\/\/www.cyn91.fr\/index.php\/wp-json\/wp\/v2\/posts\/9775\/revisions\/9776"}],"wp:attachment":[{"href":"https:\/\/www.cyn91.fr\/index.php\/wp-json\/wp\/v2\/media?parent=9775"}],"wp:term":[{"taxonomy":"category","embeddable":true,"href":"https:\/\/www.cyn91.fr\/index.php\/wp-json\/wp\/v2\/categories?post=9775"},{"taxonomy":"post_tag","embeddable":true,"href":"https:\/\/www.cyn91.fr\/index.php\/wp-json\/wp\/v2\/tags?post=9775"}],"curies":[{"name":"wp","href":"https:\/\/api.w.org\/{rel}","templated":true}]}}