{"id":9777,"date":"2019-02-08T13:58:13","date_gmt":"2019-02-08T12:58:13","guid":{"rendered":"https:\/\/www.cyn91.fr\/?p=9777"},"modified":"2019-05-19T00:14:28","modified_gmt":"2019-05-18T22:14:28","slug":"meeting-national-de-sarcelles","status":"publish","type":"post","link":"https:\/\/www.cyn91.fr\/index.php\/2019\/02\/08\/meeting-national-de-sarcelles\/","title":{"rendered":"Meeting national de Sarcelles"},"content":{"rendered":"\n<p>Ce week-end, le groupe C1 est au meeting national de Sarcelles. <\/p>\n\n\n\n<p>Suivez la comp\u00e9tition sur le <a href=\"https:\/\/l.facebook.com\/l.php?u=https%3A%2F%2Fwww.liveffn.com%2Fcgi-bin%2Fstartlist.php%3Fcompetition%3D58789%26langue%3Dfra%26go%3Ddetail%26action%3Dstructure%26structure%3D776&amp;h=AT2FrbdRnGM7l7wIQFFov5RWbdf74ADKrVMl-3y0LSc1mqD6bxQ0Q1dVXh91uDMlUBSpFN8KnHj517kLiWBWXscNJj6us1mHQppClh1IyXfmMh5C2FASkBeQP1taYHNQ_vDfGeFkLLmYfRSW3P7E86Ht0698OEtoQEyl1I_Mz4UoLCh0Uhf4QPs_99wl06eNMi69vFbJsUTmDrvLg38oTYPfFZ_1ZiT5WVgcsgmpje1fPCN6ykSpwaYyIgXpeqRtcYlW-nHt94ckUttsRkfYboYXlmsOE8COuFcDOBz6cKeAuaXM0_b5wrMKPmKjQez4YRO7ZrsF45nDoTG6zoLvfT2GhecOI4fqRINDxMrsofCxB0X_TLQIukiL_r_9Kqu1bMtbCZDriqFzUID-gQ5rwgBut6-I07oRdpgaPdLM5pfwo7g9y22xcM7C6kXGDnOxxY2eUivbsMJ-0iiC35sqeeFoCvFBt2RqAkoH05KrFr7SVcwCWF6MpfxNXqLuOBV_qEORY9QRBtzXkA993dAka-Y_ufUhOlzHIIvP6LDx4Qc7cx9u8tWyjhGcd1FBxgPMBSJXL-G2T2KS_6G-MffCU2XovR3HPKBgKYZxihQb4be2Eg3OabqNgY2NqjT6hgX9shW8JbaIqplU8977hvM_N8Gn\" target=\"_blank\" rel=\"noreferrer noopener\" aria-label=\"LiveFFN (opens in a new tab)\">LiveFFN<\/a><\/p>\n","protected":false},"excerpt":{"rendered":"<p>Ce week-end, le groupe C1 est au meeting national de Sarcelles. Suivez la comp\u00e9tition sur le LiveFFN<\/p>\n","protected":false},"author":1,"featured_media":0,"comment_status":"closed","ping_status":"open","sticky":false,"template":"","format":"standard","meta":{"advgb_blocks_editor_width":"","advgb_blocks_columns_visual_guide":""},"categories":[41,20,1,30],"tags":[],"author_meta":{"display_name":"Michael","author_link":"https:\/\/www.cyn91.fr\/index.php\/author\/mikchek91\/"},"featured_img":null,"yoast_head":"<!-- This site is optimized with the Yoast SEO plugin v16.5 - https:\/\/yoast.com\/wordpress\/plugins\/seo\/ -->\n<title>Meeting national de Sarcelles - Club Yerrois de Natation<\/title>\n<meta name=\"robots\" content=\"index, follow, max-snippet:-1, max-image-preview:large, max-video-preview:-1\" \/>\n<link rel=\"canonical\" href=\"https:\/\/www.cyn91.fr\/index.php\/2019\/02\/08\/meeting-national-de-sarcelles\/\" \/>\n<meta property=\"og:locale\" content=\"fr_FR\" \/>\n<meta property=\"og:type\" content=\"article\" \/>\n<meta property=\"og:title\" content=\"Meeting national de Sarcelles - Club Yerrois de Natation\" \/>\n<meta property=\"og:description\" content=\"Ce week-end, le groupe C1 est au meeting national de Sarcelles. Suivez la comp\u00e9tition sur le LiveFFN\" \/>\n<meta property=\"og:url\" content=\"https:\/\/www.cyn91.fr\/index.php\/2019\/02\/08\/meeting-national-de-sarcelles\/\" \/>\n<meta property=\"og:site_name\" content=\"Club Yerrois de Natation\" \/>\n<meta property=\"article:publisher\" content=\"https:\/\/www.facebook.com\/ClubYerroisNatation\" \/>\n<meta property=\"article:published_time\" content=\"2019-02-08T12:58:13+00:00\" \/>\n<meta property=\"article:modified_time\" content=\"2019-05-18T22:14:28+00:00\" \/>\n<meta name=\"twitter:card\" content=\"summary_large_image\" \/>\n<script type=\"application\/ld+json\" class=\"yoast-schema-graph\">{\"@context\":\"https:\/\/schema.org\",\"@graph\":[{\"@type\":\"Organization\",\"@id\":\"https:\/\/www.cyn91.fr\/#organization\",\"name\":\"Club Yerrois de Natation\",\"url\":\"https:\/\/www.cyn91.fr\/\",\"sameAs\":[\"https:\/\/www.facebook.com\/ClubYerroisNatation\"],\"logo\":{\"@type\":\"ImageObject\",\"@id\":\"https:\/\/www.cyn91.fr\/#logo\",\"inLanguage\":\"fr-FR\",\"url\":\"https:\/\/www.cyn91.fr\/wp-content\/uploads\/Logos\/Logo-cyn_sans-texte_150x75.png\",\"contentUrl\":\"https:\/\/www.cyn91.fr\/wp-content\/uploads\/Logos\/Logo-cyn_sans-texte_150x75.png\",\"width\":150,\"height\":75,\"caption\":\"Club Yerrois de Natation\"},\"image\":{\"@id\":\"https:\/\/www.cyn91.fr\/#logo\"}},{\"@type\":\"WebSite\",\"@id\":\"https:\/\/www.cyn91.fr\/#website\",\"url\":\"https:\/\/www.cyn91.fr\/\",\"name\":\"Club Yerrois de Natation\",\"description\":\"Club Yerrois de Natation\",\"publisher\":{\"@id\":\"https:\/\/www.cyn91.fr\/#organization\"},\"potentialAction\":[{\"@type\":\"SearchAction\",\"target\":\"https:\/\/www.cyn91.fr\/?s={search_term_string}\",\"query-input\":\"required name=search_term_string\"}],\"inLanguage\":\"fr-FR\"},{\"@type\":\"WebPage\",\"@id\":\"https:\/\/www.cyn91.fr\/index.php\/2019\/02\/08\/meeting-national-de-sarcelles\/#webpage\",\"url\":\"https:\/\/www.cyn91.fr\/index.php\/2019\/02\/08\/meeting-national-de-sarcelles\/\",\"name\":\"Meeting national de Sarcelles - Club Yerrois de Natation\",\"isPartOf\":{\"@id\":\"https:\/\/www.cyn91.fr\/#website\"},\"datePublished\":\"2019-02-08T12:58:13+00:00\",\"dateModified\":\"2019-05-18T22:14:28+00:00\",\"breadcrumb\":{\"@id\":\"https:\/\/www.cyn91.fr\/index.php\/2019\/02\/08\/meeting-national-de-sarcelles\/#breadcrumb\"},\"inLanguage\":\"fr-FR\",\"potentialAction\":[{\"@type\":\"ReadAction\",\"target\":[\"https:\/\/www.cyn91.fr\/index.php\/2019\/02\/08\/meeting-national-de-sarcelles\/\"]}]},{\"@type\":\"BreadcrumbList\",\"@id\":\"https:\/\/www.cyn91.fr\/index.php\/2019\/02\/08\/meeting-national-de-sarcelles\/#breadcrumb\",\"itemListElement\":[{\"@type\":\"ListItem\",\"position\":1,\"name\":\"Accueil\",\"item\":\"https:\/\/www.cyn91.fr\/\"},{\"@type\":\"ListItem\",\"position\":2,\"name\":\"Meeting national de Sarcelles\"}]},{\"@type\":\"Article\",\"@id\":\"https:\/\/www.cyn91.fr\/index.php\/2019\/02\/08\/meeting-national-de-sarcelles\/#article\",\"isPartOf\":{\"@id\":\"https:\/\/www.cyn91.fr\/index.php\/2019\/02\/08\/meeting-national-de-sarcelles\/#webpage\"},\"author\":{\"@id\":\"https:\/\/www.cyn91.fr\/#\/schema\/person\/c4bef6df1ddafa9cfd10fc1d9b0f7826\"},\"headline\":\"Meeting national de Sarcelles\",\"datePublished\":\"2019-02-08T12:58:13+00:00\",\"dateModified\":\"2019-05-18T22:14:28+00:00\",\"mainEntityOfPage\":{\"@id\":\"https:\/\/www.cyn91.fr\/index.php\/2019\/02\/08\/meeting-national-de-sarcelles\/#webpage\"},\"wordCount\":22,\"publisher\":{\"@id\":\"https:\/\/www.cyn91.fr\/#organization\"},\"articleSection\":{\"0\":\"C1\",\"1\":\"Comp\\u00e9tition\",\"3\":\"Saison sportive\"},\"inLanguage\":\"fr-FR\"},{\"@type\":\"Person\",\"@id\":\"https:\/\/www.cyn91.fr\/#\/schema\/person\/c4bef6df1ddafa9cfd10fc1d9b0f7826\",\"name\":\"Michael\",\"image\":{\"@type\":\"ImageObject\",\"@id\":\"https:\/\/www.cyn91.fr\/#personlogo\",\"inLanguage\":\"fr-FR\",\"url\":\"https:\/\/secure.gravatar.com\/avatar\/11a79518b2b2902399994a1ace10df32?s=96&d=mm&r=g\",\"contentUrl\":\"https:\/\/secure.gravatar.com\/avatar\/11a79518b2b2902399994a1ace10df32?s=96&d=mm&r=g\",\"caption\":\"Michael\"},\"url\":\"https:\/\/www.cyn91.fr\/index.php\/author\/mikchek91\/\"}]}<\/script>\n<!-- \/ Yoast SEO plugin. -->","coauthors":[],"tax_additional":{"categories":{"linked":["<a href=\"https:\/\/www.cyn91.fr\/index.php\/category\/c1\/\" class=\"advgb-post-tax-term\">C1<\/a>","<a href=\"https:\/\/www.cyn91.fr\/index.php\/category\/competition\/\" class=\"advgb-post-tax-term\">Comp\u00e9tition<\/a>","<a href=\"https:\/\/www.cyn91.fr\/index.php\/category\/non-classe\/\" class=\"advgb-post-tax-term\">Non class\u00e9<\/a>","<a href=\"https:\/\/www.cyn91.fr\/index.php\/category\/saison\/\" class=\"advgb-post-tax-term\">Saison sportive<\/a>"],"unlinked":["<span class=\"advgb-post-tax-term\">C1<\/span>","<span class=\"advgb-post-tax-term\">Comp\u00e9tition<\/span>","<span class=\"advgb-post-tax-term\">Non class\u00e9<\/span>","<span class=\"advgb-post-tax-term\">Saison sportive<\/span>"]}},"comment_count":"0","relative_dates":{"created":"Publi\u00e9 7 ans il y a","modified":"Mis \u00e0 jour 7 ans il y a"},"absolute_dates":{"created":"Publi\u00e9 le 8 f\u00e9vrier 2019","modified":"Mise \u00e0 jour le 19 mai 2019"},"absolute_dates_time":{"created":"Publi\u00e9 le 8 f\u00e9vrier 2019 13 h 58 min","modified":"Mise \u00e0 jour le 19 mai 2019 0 h 14 min"},"featured_img_caption":"","series_order":"","post_mailing_queue_ids":[],"_links":{"self":[{"href":"https:\/\/www.cyn91.fr\/index.php\/wp-json\/wp\/v2\/posts\/9777"}],"collection":[{"href":"https:\/\/www.cyn91.fr\/index.php\/wp-json\/wp\/v2\/posts"}],"about":[{"href":"https:\/\/www.cyn91.fr\/index.php\/wp-json\/wp\/v2\/types\/post"}],"author":[{"embeddable":true,"href":"https:\/\/www.cyn91.fr\/index.php\/wp-json\/wp\/v2\/users\/1"}],"replies":[{"embeddable":true,"href":"https:\/\/www.cyn91.fr\/index.php\/wp-json\/wp\/v2\/comments?post=9777"}],"version-history":[{"count":1,"href":"https:\/\/www.cyn91.fr\/index.php\/wp-json\/wp\/v2\/posts\/9777\/revisions"}],"predecessor-version":[{"id":9778,"href":"https:\/\/www.cyn91.fr\/index.php\/wp-json\/wp\/v2\/posts\/9777\/revisions\/9778"}],"wp:attachment":[{"href":"https:\/\/www.cyn91.fr\/index.php\/wp-json\/wp\/v2\/media?parent=9777"}],"wp:term":[{"taxonomy":"category","embeddable":true,"href":"https:\/\/www.cyn91.fr\/index.php\/wp-json\/wp\/v2\/categories?post=9777"},{"taxonomy":"post_tag","embeddable":true,"href":"https:\/\/www.cyn91.fr\/index.php\/wp-json\/wp\/v2\/tags?post=9777"}],"curies":[{"name":"wp","href":"https:\/\/api.w.org\/{rel}","templated":true}]}}